{"id":88939,"date":"2023-01-04T13:50:01","date_gmt":"2023-01-04T19:50:01","guid":{"rendered":"https:\/\/nvnoticias.mx\/?p=88939"},"modified":"2023-01-04T13:50:02","modified_gmt":"2023-01-04T19:50:02","slug":"no-quieren-ductos-de-gas-en-las-amapolas-campestre-y-la-florida","status":"publish","type":"post","link":"https:\/\/nvnoticias.mx\/index.php\/2023\/01\/04\/no-quieren-ductos-de-gas-en-las-amapolas-campestre-y-la-florida\/","title":{"rendered":"No quieren ductos de gas en Las Amapolas, Campestre y La Florida"},"content":{"rendered":"\n<p><strong>Jes\u00fas Utrilla \/ NV Noticias<\/strong><\/p>\n\n\n\n<p>Vecinos de la colonia Las Amapolas se pronunciaron en contra de la instalaci\u00f3n de ductos de gas natural de manera subterr\u00e1nea, porque podr\u00edan suscitarse accidentes.<\/p>\n\n\n\n<p>X\u00f3chitl Vianey G\u00e1ndara Velasco, representante de los quejosos, dijo que hay temor entre la poblaci\u00f3n de esa colonia y quienes habitan en los alrededores como Amapolas II, Campestre y La Florida.<\/p>\n\n\n\n<blockquote class=\"wp-block-quote is-layout-flow wp-block-quote-is-layout-flow\"><p>&#8220;<em>Nosotros nada m\u00e1s venimos a manifestarnos por nuestra propia integridad, por nuestra propia seguridad<\/em>\u201d.<\/p><\/blockquote>\n\n\n\n<p>Tambi\u00e9n dijo que se escuchan rumores de que pretenden instalar una gasera en la zona y los vecinos tambi\u00e9n est\u00e1n en contra de dicho proyecto.<\/p>\n\n\n\n<p>Sin embargo, admiti\u00f3 que se trata de informaci\u00f3n extraoficial. Por ello solicit\u00f3 que se d\u00e9 certeza a los habitantes de dichas colonias, ya que nadie ha efectuado un pronunciamiento oficial, por el cual persiste la incertidumbre y el temor.<\/p>\n\n\n\n<blockquote class=\"wp-block-quote is-layout-flow wp-block-quote-is-layout-flow\"><p>\u201c<em>Se dice que habr\u00e1 una supuesta gasera y que pagaron un a\u00f1o por adelantado para que las instalaciones est\u00e9n en Las Amapolas durante un a\u00f1o y que despu\u00e9s la quitar\u00e1n, pero eso nos va a causar da\u00f1o<\/em>&#8220;.<\/p><\/blockquote>\n\n\n\n<p>Insisti\u00f3 en que se necesita informaci\u00f3n clara y precisa para que no ciudadanos se sientan seguros de que el momento todo es especulaci\u00f3n y rumores.<\/p>\n","protected":false},"excerpt":{"rendered":"<p>Jes\u00fas Utrilla \/ NV Noticias Vecinos de la colonia Las Amapolas se pronunciaron en contra de la instalaci\u00f3n de ductos de gas natural de manera subterr\u00e1nea, porque podr\u00edan suscitarse accidentes. X\u00f3chitl Vianey G\u00e1ndara Velasco, representante de los quejosos, dijo que hay temor entre la poblaci\u00f3n de esa colonia y quienes habitan en los alrededores como [&hellip;]<\/p>\n","protected":false},"author":8,"featured_media":88943,"comment_status":"open","ping_status":"open","sticky":false,"template":"","format":"standard","meta":{"_monsterinsights_skip_tracking":false,"_monsterinsights_sitenote_active":false,"_monsterinsights_sitenote_note":"","_monsterinsights_sitenote_category":0,"footnotes":""},"categories":[154],"tags":[22302,15815,22303,22301],"class_list":["post-88939","post","type-post","status-publish","format-standard","has-post-thumbnail","hentry","category-veracruz","tag-campestre","tag-ductos-de-gas","tag-la-florida","tag-las-amapolas","wp-image-borders"],"amp_enabled":true,"_links":{"self":[{"href":"https:\/\/nvnoticias.mx\/index.php\/wp-json\/wp\/v2\/posts\/88939","targetHints":{"allow":["GET"]}}],"collection":[{"href":"https:\/\/nvnoticias.mx\/index.php\/wp-json\/wp\/v2\/posts"}],"about":[{"href":"https:\/\/nvnoticias.mx\/index.php\/wp-json\/wp\/v2\/types\/post"}],"author":[{"embeddable":true,"href":"https:\/\/nvnoticias.mx\/index.php\/wp-json\/wp\/v2\/users\/8"}],"replies":[{"embeddable":true,"href":"https:\/\/nvnoticias.mx\/index.php\/wp-json\/wp\/v2\/comments?post=88939"}],"version-history":[{"count":1,"href":"https:\/\/nvnoticias.mx\/index.php\/wp-json\/wp\/v2\/posts\/88939\/revisions"}],"predecessor-version":[{"id":88944,"href":"https:\/\/nvnoticias.mx\/index.php\/wp-json\/wp\/v2\/posts\/88939\/revisions\/88944"}],"wp:featuredmedia":[{"embeddable":true,"href":"https:\/\/nvnoticias.mx\/index.php\/wp-json\/wp\/v2\/media\/88943"}],"wp:attachment":[{"href":"https:\/\/nvnoticias.mx\/index.php\/wp-json\/wp\/v2\/media?parent=88939"}],"wp:term":[{"taxonomy":"category","embeddable":true,"href":"https:\/\/nvnoticias.mx\/index.php\/wp-json\/wp\/v2\/categories?post=88939"},{"taxonomy":"post_tag","embeddable":true,"href":"https:\/\/nvnoticias.mx\/index.php\/wp-json\/wp\/v2\/tags?post=88939"}],"curies":[{"name":"wp","href":"https:\/\/api.w.org\/{rel}","templated":true}]}}