{"id":88913,"date":"2023-01-04T13:07:59","date_gmt":"2023-01-04T19:07:59","guid":{"rendered":"https:\/\/nvnoticias.mx\/?p=88913"},"modified":"2023-01-04T15:37:54","modified_gmt":"2023-01-04T21:37:54","slug":"de-diciembre-a-la-fecha-decomisaron-200-kilos-de-cohetes-en-veracruz","status":"publish","type":"post","link":"https:\/\/nvnoticias.mx\/index.php\/2023\/01\/04\/de-diciembre-a-la-fecha-decomisaron-200-kilos-de-cohetes-en-veracruz\/","title":{"rendered":"De diciembre a la fecha decomisaron  200 kilos de cohetes en Veracruz"},"content":{"rendered":"\n<p><strong>Jes\u00fas Utrilla \/ NV Noticias<\/strong><\/p>\n\n\n\n<p>De diciembre a la fecha decomisaron\u00a0 200 kilos de cohetes en Veracruz, como parte del operativo alusivo al cambio de a\u00f1o que concluir\u00e1 el 7 de enero.<\/p>\n\n\n\n<p>Alfonso Garc\u00eda Cardona, director de Protecci\u00f3n Civil del Ayuntamiento de Veracruz, record\u00f3 que el \u00faltimo decomiso fue la noche del 31 de diciembre, donde fueron incautados 60 kilos de pirotecnia en la zona norte del municipio.<\/p>\n\n\n\n<blockquote class=\"wp-block-quote is-layout-flow wp-block-quote-is-layout-flow\"><p>\u201c<em>De acuerdo a lo que nos informa el \u00e1rea de comercio estamos hablando de un poco m\u00e1s de 200 kilos de pirotecnia sobre todo en veh\u00edculos que ven\u00edan transport\u00e1ndolos<\/em>\u201d.<\/p><\/blockquote>\n\n\n\n<p>Se mantiene el operativo Guadalupe-Reyes , hasta el momento el saldo es blanco.<\/p>\n\n\n\n<blockquote class=\"wp-block-quote is-layout-flow wp-block-quote-is-layout-flow\"><p>\u201c<em>El festejo de fin de a\u00f1o fue blanco, no se tuvo absolutamente nada la noche del 31 y madrugada del 1 de enero bomberos solamente atendi\u00f3 cuatro fugas de gas y de acuerdo a los reportes que nos dio Cruz Roja puros enfermos; de igual manera nada consecuencia de alg\u00fan accidente o manejo de pirotecnia afortunadamente<\/em>\u201d.<\/p><\/blockquote>\n\n\n\n<p>A la fecha no hay reporte de personas lesionadas por manejo de cohetes. En zona de playas tampoco se reportan incidentes que lamentar.<\/p>\n","protected":false},"excerpt":{"rendered":"<p>Jes\u00fas Utrilla \/ NV Noticias De diciembre a la fecha decomisaron\u00a0 200 kilos de cohetes en Veracruz, como parte del operativo alusivo al cambio de a\u00f1o que concluir\u00e1 el 7 de enero. Alfonso Garc\u00eda Cardona, director de Protecci\u00f3n Civil del Ayuntamiento de Veracruz, record\u00f3 que el \u00faltimo decomiso fue la noche del 31 de diciembre, [&hellip;]<\/p>\n","protected":false},"author":8,"featured_media":84622,"comment_status":"open","ping_status":"open","sticky":false,"template":"","format":"standard","meta":{"_monsterinsights_skip_tracking":false,"_monsterinsights_sitenote_active":false,"_monsterinsights_sitenote_note":"","_monsterinsights_sitenote_category":0,"footnotes":""},"categories":[154],"tags":[22297,18319,7740],"class_list":["post-88913","post","type-post","status-publish","format-standard","has-post-thumbnail","hentry","category-veracruz","tag-cuetes","tag-decomisados","tag-pirotecnia","wp-image-borders"],"amp_enabled":true,"_links":{"self":[{"href":"https:\/\/nvnoticias.mx\/index.php\/wp-json\/wp\/v2\/posts\/88913","targetHints":{"allow":["GET"]}}],"collection":[{"href":"https:\/\/nvnoticias.mx\/index.php\/wp-json\/wp\/v2\/posts"}],"about":[{"href":"https:\/\/nvnoticias.mx\/index.php\/wp-json\/wp\/v2\/types\/post"}],"author":[{"embeddable":true,"href":"https:\/\/nvnoticias.mx\/index.php\/wp-json\/wp\/v2\/users\/8"}],"replies":[{"embeddable":true,"href":"https:\/\/nvnoticias.mx\/index.php\/wp-json\/wp\/v2\/comments?post=88913"}],"version-history":[{"count":3,"href":"https:\/\/nvnoticias.mx\/index.php\/wp-json\/wp\/v2\/posts\/88913\/revisions"}],"predecessor-version":[{"id":88957,"href":"https:\/\/nvnoticias.mx\/index.php\/wp-json\/wp\/v2\/posts\/88913\/revisions\/88957"}],"wp:featuredmedia":[{"embeddable":true,"href":"https:\/\/nvnoticias.mx\/index.php\/wp-json\/wp\/v2\/media\/84622"}],"wp:attachment":[{"href":"https:\/\/nvnoticias.mx\/index.php\/wp-json\/wp\/v2\/media?parent=88913"}],"wp:term":[{"taxonomy":"category","embeddable":true,"href":"https:\/\/nvnoticias.mx\/index.php\/wp-json\/wp\/v2\/categories?post=88913"},{"taxonomy":"post_tag","embeddable":true,"href":"https:\/\/nvnoticias.mx\/index.php\/wp-json\/wp\/v2\/tags?post=88913"}],"curies":[{"name":"wp","href":"https:\/\/api.w.org\/{rel}","templated":true}]}}