{"id":88886,"date":"2023-01-04T10:40:58","date_gmt":"2023-01-04T16:40:58","guid":{"rendered":"https:\/\/nvnoticias.mx\/?p=88886"},"modified":"2023-01-04T10:41:00","modified_gmt":"2023-01-04T16:41:00","slug":"muere-a-los-90-anos-walter-cunningham-que-fue-un-astronauta-de-la-tripulacion-del-apolo-7","status":"publish","type":"post","link":"https:\/\/nvnoticias.mx\/index.php\/2023\/01\/04\/muere-a-los-90-anos-walter-cunningham-que-fue-un-astronauta-de-la-tripulacion-del-apolo-7\/","title":{"rendered":"Muere a los 90 a\u00f1os Walter Cunningham que fue un astronauta de la tripulaci\u00f3n del Apolo 7"},"content":{"rendered":"\n<p>El exastronauta estadounidense&nbsp;<strong>Walter Cunningham<\/strong>, quien viaj\u00f3 al espacio a bordo del Apolo 7 en 1968 en la misi\u00f3n inaugural Apolo tripulada que allan\u00f3 el camino para el primer alunizaje humano nueve meses despu\u00e9s,&nbsp;<strong>falleci\u00f3 el martes a los 90 a\u00f1os, inform\u00f3 la NASA.<\/strong><\/p>\n\n\n\n<p>Cunningham particip\u00f3 junto a sus compa\u00f1eros de tripulaci\u00f3n Walter Schirra y Donn Eisele en la misi\u00f3n de 11 d\u00edas, que se llev\u00f3 a cabo en \u00f3rbita terrestre baja.&nbsp;<strong>Fue el primer vuelo humano de prueba de la nueva nave espacial Apolo,<\/strong>&nbsp;que finalmente pondr\u00eda una docena de astronautas en la superficie lunar entre 1969 y 1972.<\/p>\n\n\n\n<p><strong>Fue el \u00faltimo miembro superviviente de la tripulaci\u00f3n del Apolo 7, tras las muertes del comandante de la misi\u00f3n Schirra<\/strong>, uno de los astronautas originales del &#8220;Mercury Seven&#8221;, y del piloto del m\u00f3dulo de mando Eisele, en 2007 y 1987, respectivamente.<\/p>\n\n\n\n<p><strong>Cunningham era el piloto designado para el m\u00f3dulo lunar<\/strong>, aunque el Apolo 7 no llevaba la nave de alunizaje, y era responsable de todos los sistemas de la nave excepto el lanzamiento y la navegaci\u00f3n.<\/p>\n\n\n\n<p>Despegando el 11 de octubre de 1968, el Apolo 7 marc\u00f3 la reanudaci\u00f3n del programa de vuelos espaciales lunares de la NASA 21 meses despu\u00e9s del incendio que mat\u00f3 a los tres miembros de la tripulaci\u00f3n del Apolo 1 \u2014Gus Grissom, Ed White y Roger Chaffee\u2014 durante un ensayo de lanzamiento en tierra a finales de enero de 1967.<\/p>\n\n\n\n<p>Antes de su asignaci\u00f3n al Apolo 7, Cunningham hab\u00eda sido el piloto de reserva del m\u00f3dulo lunar en la malograda misi\u00f3n Apolo 1, y form\u00f3 parte de la tripulaci\u00f3n principal del Apolo 2 hasta su cancelaci\u00f3n.<\/p>\n\n\n\n<p>Fuente:<a href=\"https:\/\/www.milenio.com\/ciencia-y-salud\/murio-walter-cunningham-astronauta-quedaba-apolo-7\" data-type=\"URL\" data-id=\"https:\/\/www.milenio.com\/ciencia-y-salud\/murio-walter-cunningham-astronauta-quedaba-apolo-7\"> Milenio<\/a><\/p>\n","protected":false},"excerpt":{"rendered":"<p>El exastronauta estadounidense&nbsp;Walter Cunningham, quien viaj\u00f3 al espacio a bordo del Apolo 7 en 1968 en la misi\u00f3n inaugural Apolo tripulada que allan\u00f3 el camino para el primer alunizaje humano nueve meses despu\u00e9s,&nbsp;falleci\u00f3 el martes a los 90 a\u00f1os, inform\u00f3 la NASA. Cunningham particip\u00f3 junto a sus compa\u00f1eros de tripulaci\u00f3n Walter Schirra y Donn Eisele [&hellip;]<\/p>\n","protected":false},"author":35,"featured_media":88887,"comment_status":"open","ping_status":"open","sticky":false,"template":"","format":"standard","meta":{"_monsterinsights_skip_tracking":false,"_monsterinsights_sitenote_active":false,"_monsterinsights_sitenote_note":"","_monsterinsights_sitenote_category":0,"footnotes":""},"categories":[576],"tags":[22290,14241,2823,8175,22289],"class_list":["post-88886","post","type-post","status-publish","format-standard","has-post-thumbnail","hentry","category-ocio","tag-apolo-7","tag-astronauta","tag-muere","tag-tripulacion","tag-walter-cunningham","wp-image-borders"],"amp_enabled":true,"_links":{"self":[{"href":"https:\/\/nvnoticias.mx\/index.php\/wp-json\/wp\/v2\/posts\/88886","targetHints":{"allow":["GET"]}}],"collection":[{"href":"https:\/\/nvnoticias.mx\/index.php\/wp-json\/wp\/v2\/posts"}],"about":[{"href":"https:\/\/nvnoticias.mx\/index.php\/wp-json\/wp\/v2\/types\/post"}],"author":[{"embeddable":true,"href":"https:\/\/nvnoticias.mx\/index.php\/wp-json\/wp\/v2\/users\/35"}],"replies":[{"embeddable":true,"href":"https:\/\/nvnoticias.mx\/index.php\/wp-json\/wp\/v2\/comments?post=88886"}],"version-history":[{"count":1,"href":"https:\/\/nvnoticias.mx\/index.php\/wp-json\/wp\/v2\/posts\/88886\/revisions"}],"predecessor-version":[{"id":88888,"href":"https:\/\/nvnoticias.mx\/index.php\/wp-json\/wp\/v2\/posts\/88886\/revisions\/88888"}],"wp:featuredmedia":[{"embeddable":true,"href":"https:\/\/nvnoticias.mx\/index.php\/wp-json\/wp\/v2\/media\/88887"}],"wp:attachment":[{"href":"https:\/\/nvnoticias.mx\/index.php\/wp-json\/wp\/v2\/media?parent=88886"}],"wp:term":[{"taxonomy":"category","embeddable":true,"href":"https:\/\/nvnoticias.mx\/index.php\/wp-json\/wp\/v2\/categories?post=88886"},{"taxonomy":"post_tag","embeddable":true,"href":"https:\/\/nvnoticias.mx\/index.php\/wp-json\/wp\/v2\/tags?post=88886"}],"curies":[{"name":"wp","href":"https:\/\/api.w.org\/{rel}","templated":true}]}}