{"id":88855,"date":"2023-01-03T15:51:47","date_gmt":"2023-01-03T21:51:47","guid":{"rendered":"https:\/\/nvnoticias.mx\/?p=88855"},"modified":"2023-01-03T15:51:48","modified_gmt":"2023-01-03T21:51:48","slug":"arroja-bad-bunny-al-mar-el-telefono-de-una-fan","status":"publish","type":"post","link":"https:\/\/nvnoticias.mx\/index.php\/2023\/01\/03\/arroja-bad-bunny-al-mar-el-telefono-de-una-fan\/","title":{"rendered":"Arroja Bad Bunny al mar el tel\u00e9fono de una fan"},"content":{"rendered":"\n<p><strong>Bad Bunny fue uno de los artistas que marc\u00f3 el 2022<\/strong>\u00a0por el \u00e9xito de su \u00e1lbum\u00a0<em>Un Verano Sin Ti\u00a0<\/em>y su gira musical que\u00a0culmin\u00f3 en el Estadio Azteca de la CDMX.\u00a0Sin embargo, el cantante ha empezado el 2023 con una pol\u00e9mica que involucra el celular de una fan que se le acerc\u00f3.<\/p>\n\n\n\n<p>En redes sociales comenz\u00f3 a circular un video en el que se observa que<strong>\u00a0Bad Bunny\u00a0arroj\u00f3 al mar el tel\u00e9fono m\u00f3vil de una mujer\u00a0<\/strong>que se aproxim\u00f3 al cantante mientras caminaba en Rep\u00fablica Dominicana.<\/p>\n\n\n\n<p>En el videoclip el \u2018Conejo Malo\u2019 avanza tranquilamente en la calle rodeado de\u00a0algunos fan\u00e1ticos que lo elogian\u00a0mientras se abre el paso entre la multitud. A pesar de ello, una de las aficionadas\u00a0<strong>logr\u00f3 acercarse al puertorrique\u00f1o para tratar de tomarse una \u2018selfie\u2019 con \u00e9l.<\/strong><\/p>\n\n\n\n<p>La acci\u00f3n no fue lo que ella esperaba, ya que se puede observar a\u00a0<strong>Bad Bunny\u00a0tomar el tel\u00e9fono de manera seria y lanzarlo.<\/strong>\u00a0Se puede apreciar el rostro de indignaci\u00f3n de la fan\u00e1tica y la multitud se silencia ante la acci\u00f3n del cantante.<\/p>\n\n\n\n<p><strong>\u201cWow, \u00bfes enserio?<\/strong>\u201d, se escucha que comenta una de las personas alrededor del \u2018Conejo Malo\u2019. Asimismo se escucha a un fan\u00e1tico asegurando que a\u00fan \u201clo ama\u201d a pesar de haber lanzado el dispositivo m\u00f3vil de la desconocida.<\/p>\n\n\n\n<blockquote class=\"wp-block-quote is-layout-flow wp-block-quote-is-layout-flow\"><p>\u201cTe amamos Benito, te amamos como sea\u201d, se escucha al fan\u00e1tico gritar momentos antes de que termine la grabaci\u00f3n.<\/p><\/blockquote>\n\n\n\n<p>De igual manera se puede apreciar a Bad Bunny pedir que\u00a0<strong>\u201cse respete el paso<\/strong>\u201d antes de alejarse un poco m\u00e1s de la multitud que lo rodeo.<\/p>\n\n\n\n<p>Poco despu\u00e9s de que video comenzar\u00e1 a viralizarse en redes sociales,\u00a0<strong>Benito Antonio Mart\u00ednez Ocasio<\/strong>\u00a0se pronuncio al respecto en su cuenta oficial de Twitter.<\/p>\n\n\n\n<p>El cantante asegur\u00f3 en un mensaje\u00a0que \u00e9l siempre tratar\u00e1 con respeto a las personas que lo busquen o se le acerquen.<\/p>\n\n\n\n<blockquote class=\"wp-block-quote is-layout-flow wp-block-quote-is-layout-flow\"><p>\u201cLa persona que se acerque a m\u00ed a saludarme, a decirme algo, o solo conocerme,\u00a0<strong>siempre recibir\u00e1 mi atenci\u00f3n y respeto<\/strong>\u201d, explic\u00f3 el puertorrique\u00f1o en redes sociales y asegur\u00f3 que considera invasivo que solamente le pongan un m\u00f3vil en el rostro.<\/p><\/blockquote>\n\n\n\n<blockquote class=\"wp-block-quote is-layout-flow wp-block-quote-is-layout-flow\"><p>\u201cLos que vengan a ponerme un cabr\u00f3n tel\u00e9fono en la cara lo considerar\u00e9 como lo que es<strong>, una falta de respeto y as\u00ed mismo lo tratar\u00e9 yo<\/strong>\u201d, puntualiz\u00f3\u00a0Bad Bunny\u00a0en su tuit. Sin embargo, algunos internautas han cuestionado la reacci\u00f3n del cantante.<\/p><\/blockquote>\n\n\n\n<p>\u201c\u00bfPor qu\u00e9 no solo le pediste que dejar\u00e1 de filmar? No hay excusa para haber lanzado su tel\u00e9fono\u201d, asegur\u00f3 una internauta en la secci\u00f3n de comentarios. Asimismo hubieron usuarios que defendieron la reacci\u00f3n de Bad Bunny.<\/p>\n\n\n\n<p>Fuente: <a href=\"https:\/\/www.elfinanciero.com.mx\/espectaculos\/2023\/01\/02\/bad-bunny-arroja-al-mar-el-telefono-de-una-fan-esto-dijo-el-cantante-tras-la-polemica\/\" data-type=\"URL\" data-id=\"https:\/\/www.elfinanciero.com.mx\/espectaculos\/2023\/01\/02\/bad-bunny-arroja-al-mar-el-telefono-de-una-fan-esto-dijo-el-cantante-tras-la-polemica\/\">El Financiero<\/a><\/p>\n","protected":false},"excerpt":{"rendered":"<p>Bad Bunny fue uno de los artistas que marc\u00f3 el 2022\u00a0por el \u00e9xito de su \u00e1lbum\u00a0Un Verano Sin Ti\u00a0y su gira musical que\u00a0culmin\u00f3 en el Estadio Azteca de la CDMX.\u00a0Sin embargo, el cantante ha empezado el 2023 con una pol\u00e9mica que involucra el celular de una fan que se le acerc\u00f3. En redes sociales comenz\u00f3 [&hellip;]<\/p>\n","protected":false},"author":35,"featured_media":53650,"comment_status":"open","ping_status":"open","sticky":false,"template":"","format":"standard","meta":{"_monsterinsights_skip_tracking":false,"_monsterinsights_sitenote_active":false,"_monsterinsights_sitenote_note":"","_monsterinsights_sitenote_category":0,"footnotes":""},"categories":[576],"tags":[22285,6213,22141],"class_list":["post-88855","post","type-post","status-publish","format-standard","has-post-thumbnail","hentry","category-ocio","tag-arroja","tag-bad-bunny","tag-telefono","wp-image-borders"],"amp_enabled":true,"_links":{"self":[{"href":"https:\/\/nvnoticias.mx\/index.php\/wp-json\/wp\/v2\/posts\/88855","targetHints":{"allow":["GET"]}}],"collection":[{"href":"https:\/\/nvnoticias.mx\/index.php\/wp-json\/wp\/v2\/posts"}],"about":[{"href":"https:\/\/nvnoticias.mx\/index.php\/wp-json\/wp\/v2\/types\/post"}],"author":[{"embeddable":true,"href":"https:\/\/nvnoticias.mx\/index.php\/wp-json\/wp\/v2\/users\/35"}],"replies":[{"embeddable":true,"href":"https:\/\/nvnoticias.mx\/index.php\/wp-json\/wp\/v2\/comments?post=88855"}],"version-history":[{"count":1,"href":"https:\/\/nvnoticias.mx\/index.php\/wp-json\/wp\/v2\/posts\/88855\/revisions"}],"predecessor-version":[{"id":88856,"href":"https:\/\/nvnoticias.mx\/index.php\/wp-json\/wp\/v2\/posts\/88855\/revisions\/88856"}],"wp:featuredmedia":[{"embeddable":true,"href":"https:\/\/nvnoticias.mx\/index.php\/wp-json\/wp\/v2\/media\/53650"}],"wp:attachment":[{"href":"https:\/\/nvnoticias.mx\/index.php\/wp-json\/wp\/v2\/media?parent=88855"}],"wp:term":[{"taxonomy":"category","embeddable":true,"href":"https:\/\/nvnoticias.mx\/index.php\/wp-json\/wp\/v2\/categories?post=88855"},{"taxonomy":"post_tag","embeddable":true,"href":"https:\/\/nvnoticias.mx\/index.php\/wp-json\/wp\/v2\/tags?post=88855"}],"curies":[{"name":"wp","href":"https:\/\/api.w.org\/{rel}","templated":true}]}}