{"id":88830,"date":"2023-01-03T15:15:20","date_gmt":"2023-01-03T21:15:20","guid":{"rendered":"https:\/\/nvnoticias.mx\/?p=88830"},"modified":"2023-01-03T15:15:21","modified_gmt":"2023-01-03T21:15:21","slug":"con-victoria-incluida-cesar-montes-debuto-con-el-espanyol-en-la-copa-del-rey","status":"publish","type":"post","link":"https:\/\/nvnoticias.mx\/index.php\/2023\/01\/03\/con-victoria-incluida-cesar-montes-debuto-con-el-espanyol-en-la-copa-del-rey\/","title":{"rendered":"Con victoria incluida, C\u00e9sar Montes debut\u00f3 con el Espanyol en la Copa del Rey"},"content":{"rendered":"\n<p>C\u00e9sar Montes debut\u00f3 este martes de manera oficial con el Espanyol\u00a0de Barcelona, su nuevo club, en partido de la\u00a0Copa del Rey\u00a0donde su equipo pudo superar por 3-1 al\u00a0Celta de Vigo\u00a0en el tiempo a\u00f1adido tras el empate a un gol en los 90 minutos.<\/p>\n\n\n\n<p>El club catal\u00e1n, que hoy fue local, anunci\u00f3 hoy en sus redes sociales que el defensor mexicano ser\u00eda titular en el partido de eliminaci\u00f3n directa y as\u00ed fue, reaizando una buena actuaci\u00f3n luego de jugar sus primeros 120 minutos en el futbol de Espa\u00f1a.<\/p>\n\n\n\n<p>El inicio del juego no fue bueno para los locales, pues comenzaron perdiendo con un tanto del portugu\u00e9s\u00a0Gon\u00e7alo Paci\u00eancia\u00a0a los 14 minutos, resulatdo con el que finaliz\u00f3 el primer tiempo.<\/p>\n\n\n\n<p>Sin embargo, a los 53 minutos,\u00a0Javi Puado, de cabeza a la salida de un tiro de esquina, puso el empate parcial y, aunque el Espanyol apret\u00f3 para ganar el choque en el tiempo regular, el juego se fue a la pr\u00f3rroga.<\/p>\n\n\n\n<p>En el primer tiempo extra, un gran contragolpe del conjunto perico lo aprovech\u00f3\u00a0Sergi Darder\u00a0para anotar el 2-1 tras tomar un rebote dentro del \u00e1rea.<\/p>\n\n\n\n<p>Por si fuera poco, a falta de 3 minutos para terminar el segundo tiempo suplementario,\u00a0Nico Melamed, con un gran disparo, puso el tercer tanto para el equipo de C\u00e9sar Montes que sell\u00f3 su boleto a la siguiente fase de la Copa del Rey.<\/p>\n\n\n\n<p>El &#8216;Cachorro&#8217; cumpli\u00f3 de esta forma su deseo de jugar en el futbol europeo ya que antes hab\u00eda tenido tambi\u00e9n el inter\u00e9s por parte del Espanyol y de otros equipos en Europa.<\/p>\n\n\n\n<p>Fuente:<a href=\"https:\/\/www.tudn.com\/futbol\/la-liga\/cesar-montes-debuta-con-el-espanyol-en-partido-de-la-copa-del-rey-ante-celta-de-vigo\"> TUDN<\/a><\/p>\n","protected":false},"excerpt":{"rendered":"<p>C\u00e9sar Montes debut\u00f3 este martes de manera oficial con el Espanyol\u00a0de Barcelona, su nuevo club, en partido de la\u00a0Copa del Rey\u00a0donde su equipo pudo superar por 3-1 al\u00a0Celta de Vigo\u00a0en el tiempo a\u00f1adido tras el empate a un gol en los 90 minutos. El club catal\u00e1n, que hoy fue local, anunci\u00f3 hoy en sus redes [&hellip;]<\/p>\n","protected":false},"author":8,"featured_media":88834,"comment_status":"open","ping_status":"open","sticky":false,"template":"","format":"standard","meta":{"_monsterinsights_skip_tracking":false,"_monsterinsights_sitenote_active":false,"_monsterinsights_sitenote_note":"","_monsterinsights_sitenote_category":0,"footnotes":""},"categories":[159],"tags":[21923,539,7957,21924,8104],"class_list":["post-88830","post","type-post","status-publish","format-standard","has-post-thumbnail","hentry","category-deportes","tag-cesar-montes","tag-copa-del-rey","tag-debut","tag-espanyol","tag-laliga","wp-image-borders"],"amp_enabled":true,"_links":{"self":[{"href":"https:\/\/nvnoticias.mx\/index.php\/wp-json\/wp\/v2\/posts\/88830","targetHints":{"allow":["GET"]}}],"collection":[{"href":"https:\/\/nvnoticias.mx\/index.php\/wp-json\/wp\/v2\/posts"}],"about":[{"href":"https:\/\/nvnoticias.mx\/index.php\/wp-json\/wp\/v2\/types\/post"}],"author":[{"embeddable":true,"href":"https:\/\/nvnoticias.mx\/index.php\/wp-json\/wp\/v2\/users\/8"}],"replies":[{"embeddable":true,"href":"https:\/\/nvnoticias.mx\/index.php\/wp-json\/wp\/v2\/comments?post=88830"}],"version-history":[{"count":1,"href":"https:\/\/nvnoticias.mx\/index.php\/wp-json\/wp\/v2\/posts\/88830\/revisions"}],"predecessor-version":[{"id":88835,"href":"https:\/\/nvnoticias.mx\/index.php\/wp-json\/wp\/v2\/posts\/88830\/revisions\/88835"}],"wp:featuredmedia":[{"embeddable":true,"href":"https:\/\/nvnoticias.mx\/index.php\/wp-json\/wp\/v2\/media\/88834"}],"wp:attachment":[{"href":"https:\/\/nvnoticias.mx\/index.php\/wp-json\/wp\/v2\/media?parent=88830"}],"wp:term":[{"taxonomy":"category","embeddable":true,"href":"https:\/\/nvnoticias.mx\/index.php\/wp-json\/wp\/v2\/categories?post=88830"},{"taxonomy":"post_tag","embeddable":true,"href":"https:\/\/nvnoticias.mx\/index.php\/wp-json\/wp\/v2\/tags?post=88830"}],"curies":[{"name":"wp","href":"https:\/\/api.w.org\/{rel}","templated":true}]}}