{"id":88786,"date":"2023-01-03T13:00:15","date_gmt":"2023-01-03T19:00:15","guid":{"rendered":"https:\/\/nvnoticias.mx\/?p=88786"},"modified":"2023-01-03T13:00:15","modified_gmt":"2023-01-03T19:00:15","slug":"un-plagio-y-sus-danos-colaterales","status":"publish","type":"post","link":"https:\/\/nvnoticias.mx\/index.php\/2023\/01\/03\/un-plagio-y-sus-danos-colaterales\/","title":{"rendered":"Un plagio y sus da\u00f1os colaterales"},"content":{"rendered":"\n<p><strong>Ricardo Homs<\/strong><\/p>\n\n\n\n<p>El reto m\u00e1s importante que tiene la ministra Yasm\u00edn Esquivel Mossa para resolver satisfactoriamente el tema del plagio de su tesis de licenciatura, -no s\u00f3lo est\u00e1 en ganar el juicio presentado ante las instituciones judiciales y adem\u00e1s ser exonerada por la UNAM-, sino, tambi\u00e9n, convencer a toda la ciudadan\u00eda de que la raz\u00f3n y la justicia, -a secas-, est\u00e1n de su lado.<\/p>\n\n\n\n<p>Una exigencia fundamental para quienes forman parte de la SCJN debe ser proyectar esa autoridad moral que se deriva de una trayectoria p\u00fablica \u00e9ticamente incuestionable, -en los hechos-, pero tambi\u00e9n en las percepciones p\u00fablicas.<\/p>\n\n\n\n<p>Si la ministra ganase el juicio contra su plagiario, -y las autoridades de la UNAM le otorgasen la raz\u00f3n desde el punto de vista acad\u00e9mico-, pero en contraste no lograse vencer las suspicacias p\u00fablicas de que para lograrlo ella se aprovech\u00f3 de su posici\u00f3n relevante en la SCJN, entonces provocar\u00e1 una crisis de credibilidad para todo el sistema judicial del pa\u00eds, -y por supuesto-, para la SCJN, instituci\u00f3n emblem\u00e1tica de este poder, uno de los tres Poderes de la Uni\u00f3n.<\/p>\n\n\n\n<p>La credibilidad de las instituciones depende de la credibilidad de quienes las encabezan.<\/p>\n\n\n\n<p>Vivimos la era de las percepciones y todo lo que se ha hecho para exonerar a la ministra desde las \u201cma\u00f1aneras\u201d, s\u00f3lo ha acrecentado las suspicacias y la desconfianza respecto a un juicio justo, incluso, aunque el supuesto plagiario al final reconociera su falta.<\/p>\n\n\n\n<p>La pregunta espont\u00e1nea que surge es: si el ministro cuestionado por un posible plagio de tesis fuese otro de los candidatos a la presidencia de la SCJN y no la ministra Esquivel\u2026 \u00bfel presidente L\u00f3pez Obrador le hubiera dedicado tiempo de sus ma\u00f1aneras para pedir a la UNAM un dictamen \u201cfast track\u201d, en tiempos de asueto?<\/p>\n\n\n\n<p>Ella est\u00e1 en todo su derecho de defender la originalidad de su texto, si est\u00e1 convencida de que as\u00ed es. Sin embargo, hay un detalle\u2026 lo est\u00e1 haciendo blindada desde uno de los cargos de mayor poder dentro del sistema judicial del pa\u00eds y arropada por un poderoso amigo de la familia Riob\u00f3o Esquivel.<\/p>\n\n\n\n<p>Del otro lado, -como contraparte-, hay ciudadanos que enfrentar\u00e1n en posici\u00f3n vulnerable a la maquinaria del poder judicial y a la presidencia de la rep\u00fablica, -en un contexto de gran expectaci\u00f3n p\u00fablica-, pues los intereses en juego son de alt\u00edsimo nivel: la presidencia de la SCJN.<\/p>\n\n\n\n<p>Este tipo de plagio, -adem\u00e1s de las implicaciones judiciales-, tiene las acad\u00e9micas, que, -en este caso concreto-, son demoledoras.<\/p>\n\n\n\n<p>Recordemos que, en la \u00e9poca de la realizaci\u00f3n de este texto acad\u00e9mico, no exist\u00eda el Internet y las computadoras eran muy b\u00e1sicas, por lo que todos trabaj\u00e1bamos nuestros textos en m\u00e1quinas de escribir el\u00e9ctricas. Ni siquiera exist\u00edan las memorias USB para compartir nuestros escritos. Por tanto, realizar un plagio era una decisi\u00f3n contundente.<\/p>\n\n\n\n<p>El manejo de las fechas para poder establecer cu\u00e1l es la obra primigenia y cual la r\u00e9plica, es complejo y puede requerir una investigaci\u00f3n profunda, donde el hilo conductor podr\u00eda ser la directora de la tesis, la profesora Rodr\u00edguez, -quien asesor\u00f3 no s\u00f3lo la de la ministra Esquivel-, sino<\/p>\n\n\n\n<p>tambi\u00e9n la de quien en ese entonces era el pasante en derecho Edgar B\u00e1ez, el otro implicado en este juicio de plagio.<\/p>\n\n\n\n<p>Edgar B\u00e1ez ya empez\u00f3 a resentir el desgaste de su reputaci\u00f3n a partir de la difusi\u00f3n en redes sociales de informaci\u00f3n moralmente cuestionable sobre su conducta personal. Hasta parece una campa\u00f1a planificada para doblegarlo y obligarlo a inculparse.<\/p>\n\n\n\n<p>\u00bfEste ser\u00e1 un juicio equitativo? \u00bfQui\u00e9n se atrever\u00e1 a defender a Edgar B\u00e1ez en este caso espec\u00edfico?<\/p>\n\n\n\n<p>Por otra parte, en el comunicado de la ministra ya se habla de discriminaci\u00f3n de g\u00e9nero en contra de sus aspiraciones a presidir la SCJN. Esta es otra batalla muy diferente, que nada tiene que ver con el tema de la obra plagiada. Denunciar una posible discriminaci\u00f3n de g\u00e9nero representa la estrategia de la victimizaci\u00f3n emocional.<\/p>\n\n\n\n<p>En fin, este es un caso complejo y relevante que pondr\u00e1 a prueba la independencia de nuestras instituciones. Por tanto, no debe resolverse con base a especulaciones p\u00fablicas, sino con certeza y teniendo como fin fundamental impartir justicia sustentada en la \u00e9tica.<\/p>\n\n\n\n<p>Los ministros que votar\u00e1n para elegir presidente de la SCJN deben reflexionar su voto, considerando el impacto de este caso espec\u00edfico en la sociedad.<\/p>\n\n\n\n<p>Est\u00e1 en juego la percepci\u00f3n de independencia de la SCJN, as\u00ed como la credibilidad de la instituci\u00f3n desde los \u00e1mbitos \u00e9tico y moral y la confianza ciudadana en todo el sistema de impartici\u00f3n de justicia.<\/p>\n\n\n\n<p>El impacto p\u00fablico de este caso de plagio rebasa con mucho el \u00e1mbito acad\u00e9mico e incluso, el judicial, pues la simple exhibici\u00f3n de este caso donde est\u00e1 involucrado un ministro del m\u00e1ximo tribunal constitucional del pa\u00eds, presupone el riesgo de afectaci\u00f3n a la endeble confianza que el mexicano hoy dispensa a nuestro estado de derecho.<\/p>\n\n\n\n<p>\u00bfY a usted qu\u00e9 le parece?<\/p>\n\n\n\n<p>Facebook: @Ricardo.Homs1<\/p>\n\n\n\n<p>Twitter: @homsricardo<\/p>\n\n\n\n<p>Linkedin: Ricardo Homs<\/p>\n\n\n\n<p>www.ricardohoms.com<\/p>\n","protected":false},"excerpt":{"rendered":"<p>Ricardo Homs El reto m\u00e1s importante que tiene la ministra Yasm\u00edn Esquivel Mossa para resolver satisfactoriamente el tema del plagio de su tesis de licenciatura, -no s\u00f3lo est\u00e1 en ganar el juicio presentado ante las instituciones judiciales y adem\u00e1s ser exonerada por la UNAM-, sino, tambi\u00e9n, convencer a toda la ciudadan\u00eda de que la raz\u00f3n [&hellip;]<\/p>\n","protected":false},"author":18,"featured_media":88787,"comment_status":"open","ping_status":"open","sticky":false,"template":"","format":"standard","meta":{"_monsterinsights_skip_tracking":false,"_monsterinsights_sitenote_active":false,"_monsterinsights_sitenote_note":"","_monsterinsights_sitenote_category":0,"footnotes":""},"categories":[246],"tags":[173],"class_list":["post-88786","post","type-post","status-publish","format-standard","has-post-thumbnail","hentry","category-ricardo-homs","tag-ricardo-homs","wp-image-borders"],"amp_enabled":true,"_links":{"self":[{"href":"https:\/\/nvnoticias.mx\/index.php\/wp-json\/wp\/v2\/posts\/88786","targetHints":{"allow":["GET"]}}],"collection":[{"href":"https:\/\/nvnoticias.mx\/index.php\/wp-json\/wp\/v2\/posts"}],"about":[{"href":"https:\/\/nvnoticias.mx\/index.php\/wp-json\/wp\/v2\/types\/post"}],"author":[{"embeddable":true,"href":"https:\/\/nvnoticias.mx\/index.php\/wp-json\/wp\/v2\/users\/18"}],"replies":[{"embeddable":true,"href":"https:\/\/nvnoticias.mx\/index.php\/wp-json\/wp\/v2\/comments?post=88786"}],"version-history":[{"count":1,"href":"https:\/\/nvnoticias.mx\/index.php\/wp-json\/wp\/v2\/posts\/88786\/revisions"}],"predecessor-version":[{"id":88788,"href":"https:\/\/nvnoticias.mx\/index.php\/wp-json\/wp\/v2\/posts\/88786\/revisions\/88788"}],"wp:featuredmedia":[{"embeddable":true,"href":"https:\/\/nvnoticias.mx\/index.php\/wp-json\/wp\/v2\/media\/88787"}],"wp:attachment":[{"href":"https:\/\/nvnoticias.mx\/index.php\/wp-json\/wp\/v2\/media?parent=88786"}],"wp:term":[{"taxonomy":"category","embeddable":true,"href":"https:\/\/nvnoticias.mx\/index.php\/wp-json\/wp\/v2\/categories?post=88786"},{"taxonomy":"post_tag","embeddable":true,"href":"https:\/\/nvnoticias.mx\/index.php\/wp-json\/wp\/v2\/tags?post=88786"}],"curies":[{"name":"wp","href":"https:\/\/api.w.org\/{rel}","templated":true}]}}