{"id":88784,"date":"2023-01-03T12:52:49","date_gmt":"2023-01-03T18:52:49","guid":{"rendered":"https:\/\/nvnoticias.mx\/?p=88784"},"modified":"2023-01-03T12:52:49","modified_gmt":"2023-01-03T18:52:49","slug":"pt-exige-a-fiscalia-dar-con-resultados-en-crimenes-de-los-ultimos-dias","status":"publish","type":"post","link":"https:\/\/nvnoticias.mx\/index.php\/2023\/01\/03\/pt-exige-a-fiscalia-dar-con-resultados-en-crimenes-de-los-ultimos-dias\/","title":{"rendered":"PT exige a Fiscal\u00eda dar con resultados en cr\u00edmenes de los \u00faltimos d\u00edas"},"content":{"rendered":"\n<p><strong>Sam Ojeda\u00a0\/ NV Noticias<\/strong><\/p>\n\n\n\n<p>Xalapa.- El comisionado nacional del Partido del Trabajo en Veracruz, Vicente Aguilar Aguilar, exigi\u00f3 a la Fiscal\u00eda General de Veracruz (FGE) \u201cfajarse los pantalones\u201d y dar resultados en las investigaciones por los asesinatos registrados en los primeros d\u00edas de este a\u00f1o.<\/p>\n\n\n\n<p>En conferencia de prensa, dijo que la Fiscal\u00eda a cargo de Ver\u00f3nica Hern\u00e1ndez Giadans debe abocarse a dar resultados, especialmente en los casos como el asesinato del alcalde de Rafael Delgado, Isauro Ambrosio Tocohua.&nbsp;<\/p>\n\n\n\n<blockquote class=\"wp-block-quote is-layout-flow wp-block-quote-is-layout-flow\"><p>\u201c<em>Son temas muy graves y esperamos que la Fiscal\u00eda \u2018se faje los pantalones\u2019, haga las investigaciones pertinentes y detenga a los causantes de estos asesinatos<\/em>\u201d.\u00a0<\/p><\/blockquote>\n\n\n\n<p>Dijo que lo mismo sucede en los casos de Poza Rica y Coatzintla, por ello demand\u00f3 a la Fiscal\u00eda que d\u00e9 resultados, porque \u201ceso es lo que espera la ciudadan\u00eda\u201d.<\/p>\n\n\n\n<p>Critic\u00f3 que la falta de comunicaci\u00f3n y coordinaci\u00f3n entre las fuerzas policiacas estatales, federal y municipales se debe atender.<\/p>\n\n\n\n<p>El petista insisti\u00f3 en que en el estado de Veracruz hace falta inteligencia policiaca para prevenir el delito y no solamente para sancionarlos. \u00a0<\/p>\n","protected":false},"excerpt":{"rendered":"<p>Sam Ojeda\u00a0\/ NV Noticias Xalapa.- El comisionado nacional del Partido del Trabajo en Veracruz, Vicente Aguilar Aguilar, exigi\u00f3 a la Fiscal\u00eda General de Veracruz (FGE) \u201cfajarse los pantalones\u201d y dar resultados en las investigaciones por los asesinatos registrados en los primeros d\u00edas de este a\u00f1o. En conferencia de prensa, dijo que la Fiscal\u00eda a cargo [&hellip;]<\/p>\n","protected":false},"author":8,"featured_media":71859,"comment_status":"open","ping_status":"open","sticky":false,"template":"","format":"standard","meta":{"_monsterinsights_skip_tracking":false,"_monsterinsights_sitenote_active":false,"_monsterinsights_sitenote_note":"","_monsterinsights_sitenote_category":0,"footnotes":""},"categories":[156],"tags":[11211,298,345],"class_list":["post-88784","post","type-post","status-publish","format-standard","has-post-thumbnail","hentry","category-estado","tag-crimenes","tag-fiscalia","tag-pt","wp-image-borders"],"amp_enabled":true,"_links":{"self":[{"href":"https:\/\/nvnoticias.mx\/index.php\/wp-json\/wp\/v2\/posts\/88784","targetHints":{"allow":["GET"]}}],"collection":[{"href":"https:\/\/nvnoticias.mx\/index.php\/wp-json\/wp\/v2\/posts"}],"about":[{"href":"https:\/\/nvnoticias.mx\/index.php\/wp-json\/wp\/v2\/types\/post"}],"author":[{"embeddable":true,"href":"https:\/\/nvnoticias.mx\/index.php\/wp-json\/wp\/v2\/users\/8"}],"replies":[{"embeddable":true,"href":"https:\/\/nvnoticias.mx\/index.php\/wp-json\/wp\/v2\/comments?post=88784"}],"version-history":[{"count":1,"href":"https:\/\/nvnoticias.mx\/index.php\/wp-json\/wp\/v2\/posts\/88784\/revisions"}],"predecessor-version":[{"id":88785,"href":"https:\/\/nvnoticias.mx\/index.php\/wp-json\/wp\/v2\/posts\/88784\/revisions\/88785"}],"wp:featuredmedia":[{"embeddable":true,"href":"https:\/\/nvnoticias.mx\/index.php\/wp-json\/wp\/v2\/media\/71859"}],"wp:attachment":[{"href":"https:\/\/nvnoticias.mx\/index.php\/wp-json\/wp\/v2\/media?parent=88784"}],"wp:term":[{"taxonomy":"category","embeddable":true,"href":"https:\/\/nvnoticias.mx\/index.php\/wp-json\/wp\/v2\/categories?post=88784"},{"taxonomy":"post_tag","embeddable":true,"href":"https:\/\/nvnoticias.mx\/index.php\/wp-json\/wp\/v2\/tags?post=88784"}],"curies":[{"name":"wp","href":"https:\/\/api.w.org\/{rel}","templated":true}]}}