{"id":88781,"date":"2023-01-03T12:49:53","date_gmt":"2023-01-03T18:49:53","guid":{"rendered":"https:\/\/nvnoticias.mx\/?p=88781"},"modified":"2023-01-03T12:49:53","modified_gmt":"2023-01-03T18:49:53","slug":"siop-iniciara-este-mes-trabajos-de-reparacion-en-carretera-xalapa-coatepec","status":"publish","type":"post","link":"https:\/\/nvnoticias.mx\/index.php\/2023\/01\/03\/siop-iniciara-este-mes-trabajos-de-reparacion-en-carretera-xalapa-coatepec\/","title":{"rendered":"SIOP iniciar\u00e1 este mes trabajos de reparaci\u00f3n en carretera Xalapa-Coatepec"},"content":{"rendered":"\n<p><strong>Sam Ojeda\u00a0\/ NV Noticias<\/strong><\/p>\n\n\n\n<p>Xalapa.- El secretario de Infraestructura y Obras P\u00fablicas (SIOP), Elio Hern\u00e1ndez Guti\u00e9rrez, dio a conocer que en enero iniciar\u00e1n las obras de intervenci\u00f3n en el tramo carretero Xalapa-Coatepec.&nbsp;<\/p>\n\n\n\n<p>En entrevista, dijo que se buscar\u00e1 \u201cdesgastar\u201d el concreto para lograr que los autom\u00f3viles tengan mayor adherencia y as\u00ed se eviten derrape que generan los accidentes.&nbsp;<\/p>\n\n\n\n<blockquote class=\"wp-block-quote is-layout-flow wp-block-quote-is-layout-flow\"><p>\u201c<em>Vamos a empezar a \u2018fresar\u2019, a desgastar un poco el concreto para que tenga un poco m\u00e1s de adherencia y encima, le vamos a echar asfalto para que sea una carretera con asfalto<\/em>\u201d.<\/p><\/blockquote>\n\n\n\n<p>Para ello, la dependencia a su cargo cuenta con un presupuesto de 6 millones de pesos y se tiene planeado que tenga una duraci\u00f3n de tres meses.<\/p>\n\n\n\n<p>Hern\u00e1ndez Guti\u00e9rrez indic\u00f3 que primero se realizar\u00e1 el \u201cfresado\u201d y posteriormente echar\u00e1n el asfalto en conjunto con Petr\u00f3leos Mexicanos (Pemex).&nbsp;<\/p>\n\n\n\n<p>La obra se realizar\u00e1 desde el inicio de la carretera en la zona del Vel\u00f3dromo hasta su llegada al municipio de Coatepec.&nbsp;<\/p>\n\n\n\n<p>Hace cinco a\u00f1os se realizaron trabajos de rehabilitaci\u00f3n con el fin de evitar accidentes; sin embargo, estos no frenaron las colisiones y derrapes que se registran en la zona.&nbsp;<\/p>\n","protected":false},"excerpt":{"rendered":"<p>Sam Ojeda\u00a0\/ NV Noticias Xalapa.- El secretario de Infraestructura y Obras P\u00fablicas (SIOP), Elio Hern\u00e1ndez Guti\u00e9rrez, dio a conocer que en enero iniciar\u00e1n las obras de intervenci\u00f3n en el tramo carretero Xalapa-Coatepec.&nbsp; En entrevista, dijo que se buscar\u00e1 \u201cdesgastar\u201d el concreto para lograr que los autom\u00f3viles tengan mayor adherencia y as\u00ed se eviten derrape que [&hellip;]<\/p>\n","protected":false},"author":8,"featured_media":88782,"comment_status":"open","ping_status":"open","sticky":false,"template":"","format":"standard","meta":{"_monsterinsights_skip_tracking":false,"_monsterinsights_sitenote_active":false,"_monsterinsights_sitenote_note":"","_monsterinsights_sitenote_category":0,"footnotes":""},"categories":[156],"tags":[21404,1906,3421],"class_list":["post-88781","post","type-post","status-publish","format-standard","has-post-thumbnail","hentry","category-estado","tag-bulevar-xalapa-coatepec","tag-carretera","tag-siop","wp-image-borders"],"amp_enabled":false,"_links":{"self":[{"href":"https:\/\/nvnoticias.mx\/index.php\/wp-json\/wp\/v2\/posts\/88781","targetHints":{"allow":["GET"]}}],"collection":[{"href":"https:\/\/nvnoticias.mx\/index.php\/wp-json\/wp\/v2\/posts"}],"about":[{"href":"https:\/\/nvnoticias.mx\/index.php\/wp-json\/wp\/v2\/types\/post"}],"author":[{"embeddable":true,"href":"https:\/\/nvnoticias.mx\/index.php\/wp-json\/wp\/v2\/users\/8"}],"replies":[{"embeddable":true,"href":"https:\/\/nvnoticias.mx\/index.php\/wp-json\/wp\/v2\/comments?post=88781"}],"version-history":[{"count":1,"href":"https:\/\/nvnoticias.mx\/index.php\/wp-json\/wp\/v2\/posts\/88781\/revisions"}],"predecessor-version":[{"id":88783,"href":"https:\/\/nvnoticias.mx\/index.php\/wp-json\/wp\/v2\/posts\/88781\/revisions\/88783"}],"wp:featuredmedia":[{"embeddable":true,"href":"https:\/\/nvnoticias.mx\/index.php\/wp-json\/wp\/v2\/media\/88782"}],"wp:attachment":[{"href":"https:\/\/nvnoticias.mx\/index.php\/wp-json\/wp\/v2\/media?parent=88781"}],"wp:term":[{"taxonomy":"category","embeddable":true,"href":"https:\/\/nvnoticias.mx\/index.php\/wp-json\/wp\/v2\/categories?post=88781"},{"taxonomy":"post_tag","embeddable":true,"href":"https:\/\/nvnoticias.mx\/index.php\/wp-json\/wp\/v2\/tags?post=88781"}],"curies":[{"name":"wp","href":"https:\/\/api.w.org\/{rel}","templated":true}]}}