{"id":88775,"date":"2023-01-03T12:40:04","date_gmt":"2023-01-03T18:40:04","guid":{"rendered":"https:\/\/nvnoticias.mx\/?p=88775"},"modified":"2023-01-03T12:40:04","modified_gmt":"2023-01-03T18:40:04","slug":"el-canje-de-placas-se-cumplio-en-un-90","status":"publish","type":"post","link":"https:\/\/nvnoticias.mx\/index.php\/2023\/01\/03\/el-canje-de-placas-se-cumplio-en-un-90\/","title":{"rendered":"El canje de placas se cumpli\u00f3 en un 90%"},"content":{"rendered":"\n<p><strong>Sam Ojeda\u00a0\/ NV Noticias<\/strong><\/p>\n\n\n\n<p>Xalapa.- El Gobernador Cuitl\u00e1huac Garc\u00eda Jim\u00e9nez inform\u00f3 que el 90 por ciento de las unidades que requer\u00edan el canje de placas cumplieron con este requisito.\u00a0<\/p>\n\n\n\n<blockquote class=\"wp-block-quote is-layout-flow wp-block-quote-is-layout-flow\"><p>\u201c<em>Avanzamos al 90 por ciento en el registro de placas, ya rest\u00f3 el 10, alcanzamos la meta, la sobrepasamos, pero lo m\u00e1s importante es que nuestro padr\u00f3n es m\u00e1s confiable, cumplimos con la ley<\/em>\u201d.\u00a0<\/p><\/blockquote>\n\n\n\n<p>Dijo que el objetivo del programa es cumplir con lo que ordena la norma oficial de la Secretar\u00eda de Comunicaciones y Transportes (SCT) que se\u00f1ala no debe haber m\u00e1s de dos tipos de placas circulando en territorio estatal.&nbsp;<\/p>\n\n\n\n<blockquote class=\"wp-block-quote is-layout-flow wp-block-quote-is-layout-flow\"><p>\u201c<em>La revisi\u00f3n del cumplimiento que lleva a cabo la SCT y que a ellos tambi\u00e9n los auditan, la cumplimos ya, porque se nos estaba pidiendo que el estado solo tuviera dos y son la que se emiti\u00f3 en el gobierno de Miguel \u00c1ngel Yunes Linares y la que se emite ahora con nosotros<\/em>\u201d.\u00a0<\/p><\/blockquote>\n\n\n\n<p>Record\u00f3 que aquellos que no cumplieron con el canje de placas en tiempo y forma podr\u00edan sufrir el env\u00edo de sus unidades al corral\u00f3n. &nbsp;<\/p>\n\n\n\n<blockquote class=\"wp-block-quote is-layout-flow wp-block-quote-is-layout-flow\"><p>\u201c<em>Se les invita a que guarden sus unidades y acudan a pagar, aunque ahora hay una diferencia, se tiene que pagar la totalidad de multas y recargos y el costo de la placa<\/em>\u201d.<\/p><\/blockquote>\n\n\n\n<p>Y es que dijo que el descuento \u00faltimo que se aplic\u00f3 fue del 25 por ciento, pero ahora tendr\u00e1n que pagar el total de la suma. &nbsp;<\/p>\n","protected":false},"excerpt":{"rendered":"<p>Sam Ojeda\u00a0\/ NV Noticias Xalapa.- El Gobernador Cuitl\u00e1huac Garc\u00eda Jim\u00e9nez inform\u00f3 que el 90 por ciento de las unidades que requer\u00edan el canje de placas cumplieron con este requisito.\u00a0 \u201cAvanzamos al 90 por ciento en el registro de placas, ya rest\u00f3 el 10, alcanzamos la meta, la sobrepasamos, pero lo m\u00e1s importante es que nuestro [&hellip;]<\/p>\n","protected":false},"author":8,"featured_media":88776,"comment_status":"open","ping_status":"open","sticky":false,"template":"","format":"standard","meta":{"_monsterinsights_skip_tracking":false,"_monsterinsights_sitenote_active":false,"_monsterinsights_sitenote_note":"","_monsterinsights_sitenote_category":0,"footnotes":""},"categories":[156],"tags":[13006,15568],"class_list":["post-88775","post","type-post","status-publish","format-standard","has-post-thumbnail","hentry","category-estado","tag-canje","tag-placas","wp-image-borders"],"amp_enabled":true,"_links":{"self":[{"href":"https:\/\/nvnoticias.mx\/index.php\/wp-json\/wp\/v2\/posts\/88775","targetHints":{"allow":["GET"]}}],"collection":[{"href":"https:\/\/nvnoticias.mx\/index.php\/wp-json\/wp\/v2\/posts"}],"about":[{"href":"https:\/\/nvnoticias.mx\/index.php\/wp-json\/wp\/v2\/types\/post"}],"author":[{"embeddable":true,"href":"https:\/\/nvnoticias.mx\/index.php\/wp-json\/wp\/v2\/users\/8"}],"replies":[{"embeddable":true,"href":"https:\/\/nvnoticias.mx\/index.php\/wp-json\/wp\/v2\/comments?post=88775"}],"version-history":[{"count":1,"href":"https:\/\/nvnoticias.mx\/index.php\/wp-json\/wp\/v2\/posts\/88775\/revisions"}],"predecessor-version":[{"id":88777,"href":"https:\/\/nvnoticias.mx\/index.php\/wp-json\/wp\/v2\/posts\/88775\/revisions\/88777"}],"wp:featuredmedia":[{"embeddable":true,"href":"https:\/\/nvnoticias.mx\/index.php\/wp-json\/wp\/v2\/media\/88776"}],"wp:attachment":[{"href":"https:\/\/nvnoticias.mx\/index.php\/wp-json\/wp\/v2\/media?parent=88775"}],"wp:term":[{"taxonomy":"category","embeddable":true,"href":"https:\/\/nvnoticias.mx\/index.php\/wp-json\/wp\/v2\/categories?post=88775"},{"taxonomy":"post_tag","embeddable":true,"href":"https:\/\/nvnoticias.mx\/index.php\/wp-json\/wp\/v2\/tags?post=88775"}],"curies":[{"name":"wp","href":"https:\/\/api.w.org\/{rel}","templated":true}]}}