{"id":88772,"date":"2023-01-03T12:35:12","date_gmt":"2023-01-03T18:35:12","guid":{"rendered":"https:\/\/nvnoticias.mx\/?p=88772"},"modified":"2023-01-03T12:35:13","modified_gmt":"2023-01-03T18:35:13","slug":"vendedores-del-malecon-exigen-reubicacion-insisten-en-que-los-retiraron-con-enganos","status":"publish","type":"post","link":"https:\/\/nvnoticias.mx\/index.php\/2023\/01\/03\/vendedores-del-malecon-exigen-reubicacion-insisten-en-que-los-retiraron-con-enganos\/","title":{"rendered":"Vendedores del malec\u00f3n exigen reubicaci\u00f3n; insisten en que los retiraron con enga\u00f1os"},"content":{"rendered":"\n<p><strong>Jes\u00fas Utrilla \/ NV Noticias<\/strong><\/p>\n\n\n\n<p>Vendedores que fueron desalojados del Malec\u00f3n bloquearon el puente Morelos para exigir a las autoridades que los dejen trabajar, ya que llevan tres meses sin percibir ingresos a trav\u00e9s de la venta de sus productos.&nbsp;<\/p>\n\n\n\n<p>Mar\u00eda Teresa Morales, representante de quienes estaban instalados en Comodoro Jos\u00e9 Azueta, dijo que por el momento solo han permitido el regreso de quienes venden alimentos, pero pertenecen a otra agrupaci\u00f3n.<\/p>\n\n\n\n<p>En el caso del grupo de personas que representa no est\u00e1n dispuestos a vender de forma ambulante, solamente dos d\u00edas a la semana y con restricciones, por lo que propusieron que les permitan instalarse en otro punto tur\u00edstico de la ciudad.<\/p>\n\n\n\n<blockquote class=\"wp-block-quote is-layout-flow wp-block-quote-is-layout-flow\"><p>\u201c<em>Hay posibilidad de cerrar la calle de Ray\u00f3n y nosotros no nos negamos a pagar. Tambi\u00e9n est\u00e1 la Torre Pemex que est\u00e1 en abandono y nos pueden rentar o vender ah\u00ed. La otra opci\u00f3n es el Muelle 2, donde se puede hacer una plancha y locales para meter a todos los comerciantes ya que dicen que damos mala imagen<\/em>\u201d.<\/p><\/blockquote>\n\n\n\n<p>Dijo que por falta de ingresos muchas de las comerciantes optaron por limpiar casas y los varones por trabajos de alba\u00f1iler\u00eda.&nbsp;<\/p>\n\n\n\n<p>Al lugar llegaron elementos de Tr\u00e1nsito y de la Direcci\u00f3n de Comercio a dialogar con los inconformes y lograron reabrir nuevamente el Puente Morelos.<\/p>\n","protected":false},"excerpt":{"rendered":"<p>Jes\u00fas Utrilla \/ NV Noticias Vendedores que fueron desalojados del Malec\u00f3n bloquearon el puente Morelos para exigir a las autoridades que los dejen trabajar, ya que llevan tres meses sin percibir ingresos a trav\u00e9s de la venta de sus productos.&nbsp; Mar\u00eda Teresa Morales, representante de quienes estaban instalados en Comodoro Jos\u00e9 Azueta, dijo que por [&hellip;]<\/p>\n","protected":false},"author":8,"featured_media":88773,"comment_status":"open","ping_status":"open","sticky":false,"template":"","format":"standard","meta":{"_monsterinsights_skip_tracking":false,"_monsterinsights_sitenote_active":false,"_monsterinsights_sitenote_note":"","_monsterinsights_sitenote_category":0,"footnotes":""},"categories":[154],"tags":[2738,13844,5049],"class_list":["post-88772","post","type-post","status-publish","format-standard","has-post-thumbnail","hentry","category-veracruz","tag-malecon-de-veracruz","tag-reubicacion","tag-vendedores-ambulantes","wp-image-borders"],"amp_enabled":true,"_links":{"self":[{"href":"https:\/\/nvnoticias.mx\/index.php\/wp-json\/wp\/v2\/posts\/88772","targetHints":{"allow":["GET"]}}],"collection":[{"href":"https:\/\/nvnoticias.mx\/index.php\/wp-json\/wp\/v2\/posts"}],"about":[{"href":"https:\/\/nvnoticias.mx\/index.php\/wp-json\/wp\/v2\/types\/post"}],"author":[{"embeddable":true,"href":"https:\/\/nvnoticias.mx\/index.php\/wp-json\/wp\/v2\/users\/8"}],"replies":[{"embeddable":true,"href":"https:\/\/nvnoticias.mx\/index.php\/wp-json\/wp\/v2\/comments?post=88772"}],"version-history":[{"count":1,"href":"https:\/\/nvnoticias.mx\/index.php\/wp-json\/wp\/v2\/posts\/88772\/revisions"}],"predecessor-version":[{"id":88774,"href":"https:\/\/nvnoticias.mx\/index.php\/wp-json\/wp\/v2\/posts\/88772\/revisions\/88774"}],"wp:featuredmedia":[{"embeddable":true,"href":"https:\/\/nvnoticias.mx\/index.php\/wp-json\/wp\/v2\/media\/88773"}],"wp:attachment":[{"href":"https:\/\/nvnoticias.mx\/index.php\/wp-json\/wp\/v2\/media?parent=88772"}],"wp:term":[{"taxonomy":"category","embeddable":true,"href":"https:\/\/nvnoticias.mx\/index.php\/wp-json\/wp\/v2\/categories?post=88772"},{"taxonomy":"post_tag","embeddable":true,"href":"https:\/\/nvnoticias.mx\/index.php\/wp-json\/wp\/v2\/tags?post=88772"}],"curies":[{"name":"wp","href":"https:\/\/api.w.org\/{rel}","templated":true}]}}