{"id":88767,"date":"2023-01-03T12:27:25","date_gmt":"2023-01-03T18:27:25","guid":{"rendered":"https:\/\/nvnoticias.mx\/?p=88767"},"modified":"2023-01-03T12:27:26","modified_gmt":"2023-01-03T18:27:26","slug":"inauguran-pavimentacion-con-concreto-hidraulico-de-la-calle-lafragua-y-paseo-jardin","status":"publish","type":"post","link":"https:\/\/nvnoticias.mx\/index.php\/2023\/01\/03\/inauguran-pavimentacion-con-concreto-hidraulico-de-la-calle-lafragua-y-paseo-jardin\/","title":{"rendered":"Inauguran pavimentaci\u00f3n con concreto hidr\u00e1ulico de la calle Lafragua y Paseo Jard\u00edn"},"content":{"rendered":"\n<p><strong>Jes\u00fas Utrilla \/ NV Noticias<\/strong><\/p>\n\n\n\n<p>El alcalde de Boca Del R\u00edo Juan Manuel de Unanue Abascal, inaugur\u00f3 la pavimentaci\u00f3n con concreto hidr\u00e1ulico de la calle Lafragua y Paseo Jard\u00edn, a beneficio de m\u00e1s de 5 mil automovilistas que utilizan diariamente la v\u00eda.<\/p>\n\n\n\n<p>En la ejecuci\u00f3n de la obra se incluy\u00f3 l\u00ednea de agua y drenaje, as\u00ed como banquetas en concreto.<\/p>\n\n\n\n<p>El pr\u00f3ximo a\u00f1o seguir\u00e1 la pavimentaci\u00f3n hasta la avenida Am\u00e9ricas.<\/p>\n\n\n\n<p>Por otro lado el presidente municipal llam\u00f3 a comenzar a prepararse para el evento del norte que se presentar\u00e1 el jueves como parte del Frente Fr\u00edo n\u00famero 21.<\/p>\n\n\n\n<blockquote class=\"wp-block-quote is-layout-flow wp-block-quote-is-layout-flow\"><p>\u201c<em>Las \u00e1reas operativas est\u00e1n listas. No esperamos descenso de la temperatura importante, pero habr\u00e1 viento superiores a los 70 kil\u00f3metros por hora<\/em>\u201d.\u00a0<\/p><\/blockquote>\n\n\n\n<p>Asimismo el alcalde afirm\u00f3 que durante el primer d\u00eda del cobro del predial se recaud\u00f3 1.6 millones de pesos.<\/p>\n\n\n\n<p>Exhort\u00f3 a los ciudadanos aprovechar los descuentos que se ofrecer\u00e1n durante enero.<\/p>\n\n\n\n<p>El presidente municipal se\u00f1al\u00f3 que en la semana inaugurar\u00e1 cuatro obras m\u00e1s y a inicios de febrero entregar\u00e1 todas las que comenzaron en 2022.<\/p>\n","protected":false},"excerpt":{"rendered":"<p>Jes\u00fas Utrilla \/ NV Noticias El alcalde de Boca Del R\u00edo Juan Manuel de Unanue Abascal, inaugur\u00f3 la pavimentaci\u00f3n con concreto hidr\u00e1ulico de la calle Lafragua y Paseo Jard\u00edn, a beneficio de m\u00e1s de 5 mil automovilistas que utilizan diariamente la v\u00eda. En la ejecuci\u00f3n de la obra se incluy\u00f3 l\u00ednea de agua y drenaje, [&hellip;]<\/p>\n","protected":false},"author":8,"featured_media":88768,"comment_status":"open","ping_status":"open","sticky":false,"template":"","format":"standard","meta":{"_monsterinsights_skip_tracking":false,"_monsterinsights_sitenote_active":false,"_monsterinsights_sitenote_note":"","_monsterinsights_sitenote_category":0,"footnotes":""},"categories":[154],"tags":[22265,2401,22266],"class_list":["post-88767","post","type-post","status-publish","format-standard","has-post-thumbnail","hentry","category-veracruz","tag-av-lafragua","tag-inauguracion","tag-paseo-jardin","wp-image-borders"],"amp_enabled":true,"_links":{"self":[{"href":"https:\/\/nvnoticias.mx\/index.php\/wp-json\/wp\/v2\/posts\/88767","targetHints":{"allow":["GET"]}}],"collection":[{"href":"https:\/\/nvnoticias.mx\/index.php\/wp-json\/wp\/v2\/posts"}],"about":[{"href":"https:\/\/nvnoticias.mx\/index.php\/wp-json\/wp\/v2\/types\/post"}],"author":[{"embeddable":true,"href":"https:\/\/nvnoticias.mx\/index.php\/wp-json\/wp\/v2\/users\/8"}],"replies":[{"embeddable":true,"href":"https:\/\/nvnoticias.mx\/index.php\/wp-json\/wp\/v2\/comments?post=88767"}],"version-history":[{"count":1,"href":"https:\/\/nvnoticias.mx\/index.php\/wp-json\/wp\/v2\/posts\/88767\/revisions"}],"predecessor-version":[{"id":88769,"href":"https:\/\/nvnoticias.mx\/index.php\/wp-json\/wp\/v2\/posts\/88767\/revisions\/88769"}],"wp:featuredmedia":[{"embeddable":true,"href":"https:\/\/nvnoticias.mx\/index.php\/wp-json\/wp\/v2\/media\/88768"}],"wp:attachment":[{"href":"https:\/\/nvnoticias.mx\/index.php\/wp-json\/wp\/v2\/media?parent=88767"}],"wp:term":[{"taxonomy":"category","embeddable":true,"href":"https:\/\/nvnoticias.mx\/index.php\/wp-json\/wp\/v2\/categories?post=88767"},{"taxonomy":"post_tag","embeddable":true,"href":"https:\/\/nvnoticias.mx\/index.php\/wp-json\/wp\/v2\/tags?post=88767"}],"curies":[{"name":"wp","href":"https:\/\/api.w.org\/{rel}","templated":true}]}}