{"id":88685,"date":"2023-01-02T17:01:48","date_gmt":"2023-01-02T23:01:48","guid":{"rendered":"https:\/\/nvnoticias.mx\/?p=88685"},"modified":"2023-01-02T17:01:48","modified_gmt":"2023-01-02T23:01:48","slug":"se-incrementa-el-numero-de-camiones-rosas-para-mujeres-en-veracruz","status":"publish","type":"post","link":"https:\/\/nvnoticias.mx\/index.php\/2023\/01\/02\/se-incrementa-el-numero-de-camiones-rosas-para-mujeres-en-veracruz\/","title":{"rendered":"Se incrementa el n\u00famero de camiones rosas para mujeres en Veracruz"},"content":{"rendered":"\n<p>En los \u00faltimos meses en la zona conurbada Veracruz- Boca del R\u00edo\u00a0se ha elevado el n\u00famero de \u201ccamiones rosas\u201d que son exclusivamente para mujeres\u00a0y que tiene el objetivo de brindarles mayor seguridad.<\/p>\n\n\n\n<p>El vocero de la Asociaci\u00f3n de Transportistas del Estado de Veracruz (Astraver), Jorge Ramos, afirm\u00f3 que el proyecto ha funcionado y m\u00e1s unidades se han incorporado al proyecto con el que se busca reducir la violencia de g\u00e9nero.<\/p>\n\n\n\n<blockquote class=\"wp-block-quote is-layout-flow wp-block-quote-is-layout-flow\"><p>\u201c<em>Estos autobuses que son exclusivos para mujeres han tenido un gran \u00e9xito, se ha incrementado el parque vehicular y se ha hecho m\u00e1s com\u00fan las contrataciones de mujeres no solo para esos camiones sino para el transporte mixto<\/em>\u201d.<\/p><\/blockquote>\n\n\n\n<p>Lagos de Puente Moreno y Circuito 121 son las rutas\u00a0que principalmente se han abocado a prestar ese servicio y la expectativa es que conforme pase el tiempo haya m\u00e1s unidades de ese tipo circulando por las calles.<\/p>\n\n\n\n<div class=\"wp-block-image\"><figure class=\"aligncenter is-resized\"><img loading=\"lazy\" decoding=\"async\" src=\"https:\/\/xeu.mx\/contenidos\/imagenes\/noticias\/standard\/2023\/01\/1251134xeu20230102105157.webp\" alt=\"Imagen Incrementa el n\u00famero de camiones rosas para mujeres en Veracruz\" width=\"613\" height=\"409\"\/><\/figure><\/div>\n","protected":false},"excerpt":{"rendered":"<p>En los \u00faltimos meses en la zona conurbada Veracruz- Boca del R\u00edo\u00a0se ha elevado el n\u00famero de \u201ccamiones rosas\u201d que son exclusivamente para mujeres\u00a0y que tiene el objetivo de brindarles mayor seguridad. El vocero de la Asociaci\u00f3n de Transportistas del Estado de Veracruz (Astraver), Jorge Ramos, afirm\u00f3 que el proyecto ha funcionado y m\u00e1s unidades [&hellip;]<\/p>\n","protected":false},"author":8,"featured_media":88686,"comment_status":"open","ping_status":"open","sticky":false,"template":"","format":"standard","meta":{"_monsterinsights_skip_tracking":false,"_monsterinsights_sitenote_active":false,"_monsterinsights_sitenote_note":"","_monsterinsights_sitenote_category":0,"footnotes":""},"categories":[154],"tags":[22255,573,180],"class_list":["post-88685","post","type-post","status-publish","format-standard","has-post-thumbnail","hentry","category-veracruz","tag-camiones-rosas","tag-mujeres","tag-veracruz","wp-image-borders"],"amp_enabled":true,"_links":{"self":[{"href":"https:\/\/nvnoticias.mx\/index.php\/wp-json\/wp\/v2\/posts\/88685","targetHints":{"allow":["GET"]}}],"collection":[{"href":"https:\/\/nvnoticias.mx\/index.php\/wp-json\/wp\/v2\/posts"}],"about":[{"href":"https:\/\/nvnoticias.mx\/index.php\/wp-json\/wp\/v2\/types\/post"}],"author":[{"embeddable":true,"href":"https:\/\/nvnoticias.mx\/index.php\/wp-json\/wp\/v2\/users\/8"}],"replies":[{"embeddable":true,"href":"https:\/\/nvnoticias.mx\/index.php\/wp-json\/wp\/v2\/comments?post=88685"}],"version-history":[{"count":1,"href":"https:\/\/nvnoticias.mx\/index.php\/wp-json\/wp\/v2\/posts\/88685\/revisions"}],"predecessor-version":[{"id":88687,"href":"https:\/\/nvnoticias.mx\/index.php\/wp-json\/wp\/v2\/posts\/88685\/revisions\/88687"}],"wp:featuredmedia":[{"embeddable":true,"href":"https:\/\/nvnoticias.mx\/index.php\/wp-json\/wp\/v2\/media\/88686"}],"wp:attachment":[{"href":"https:\/\/nvnoticias.mx\/index.php\/wp-json\/wp\/v2\/media?parent=88685"}],"wp:term":[{"taxonomy":"category","embeddable":true,"href":"https:\/\/nvnoticias.mx\/index.php\/wp-json\/wp\/v2\/categories?post=88685"},{"taxonomy":"post_tag","embeddable":true,"href":"https:\/\/nvnoticias.mx\/index.php\/wp-json\/wp\/v2\/tags?post=88685"}],"curies":[{"name":"wp","href":"https:\/\/api.w.org\/{rel}","templated":true}]}}