{"id":88667,"date":"2023-01-02T16:11:04","date_gmt":"2023-01-02T22:11:04","guid":{"rendered":"https:\/\/nvnoticias.mx\/?p=88667"},"modified":"2023-01-02T16:11:05","modified_gmt":"2023-01-02T22:11:05","slug":"la-corte-debe-servir-al-pueblo-no-a-intereses-particulares-sheinbaum","status":"publish","type":"post","link":"https:\/\/nvnoticias.mx\/index.php\/2023\/01\/02\/la-corte-debe-servir-al-pueblo-no-a-intereses-particulares-sheinbaum\/","title":{"rendered":"La Corte debe servir al pueblo, no a intereses particulares: Sheinbaum"},"content":{"rendered":"\n<p>La jefa de gobierno de la Ciudad de M\u00e9xico, Claudia Sheinbaum, consider\u00f3 este lunes que la Suprema Corte de Justicia de la Naci\u00f3n (SCJN) \u201cno puede servir a intereses particulares, tiene que servir a los intereses del pueblo de M\u00e9xico\u201d.<\/p>\n\n\n\n<p>Este lunes el Pleno de la SCJN eligi\u00f3 a Norma Luc\u00eda Pi\u00f1a Hern\u00e1ndez como la primera mujer que presidir\u00e1 la Corte, uno de los tres poderes en M\u00e9xico. La ministra gan\u00f3 por un voto de diferencia al ministro Alfredo Guti\u00e9rrez Ortiz Mena.<\/p>\n\n\n\n<p>Previo a la sesi\u00f3n en la que la Corte eligi\u00f3 a su nueva presidenta, que estar\u00e1 en el cargo desde este 2 de enero de 2023 y hasta 31 de diciembre de 2026, la jefa de gobierno evit\u00f3 hablar de la pol\u00e9mica que rode\u00f3 a la ministra Yasmin Esquivel Mossa.<\/p>\n\n\n\n<blockquote class=\"wp-block-quote is-layout-flow wp-block-quote-is-layout-flow\"><p>\u201cM\u00e1s all\u00e1 (del caso) de la ministra Yasm\u00edn u otros ministros, el tema central es que la Corte no puede servir a intereses particulares, tiene que servir a los intereses del pueblo de M\u00e9xico (\u2026) Y puede haber contradicciones, para eso tienen su propia autonom\u00eda, pero no que sirvan al inter\u00e9s particular de nadie\u201d, opin\u00f3 la mandataria capitalina.<\/p><\/blockquote>\n\n\n\n<p>Sheinbaum critic\u00f3, como lo hiciera el presidente Andr\u00e9s Manuel L\u00f3pez Obrador, que \u201cmuchos de los ministros (que actualmente est\u00e1n en el cargo) fueron electros o presentados al Senado con su terna en la \u00e9poca del periodo neoliberal\u201d.<\/p>\n\n\n\n<blockquote class=\"wp-block-quote is-layout-flow wp-block-quote-is-layout-flow\"><p>\u201c\u00bfPor qu\u00e9 es importante? En la Corte se define la condonaci\u00f3n de impuestos. No solo se definen temas tan cruciales como un juicio en particular, tambi\u00e9n pueden llegar a la Corte temas tan importantes como la supuesta o no inconstitucionalidad de una ley aprobada por el Legislativo, pero tambi\u00e9n condonan impuestos\u201d, se\u00f1al\u00f3 Sheinbaum.<\/p><\/blockquote>\n\n\n\n<p>Y a\u00f1adi\u00f3: \u201cpor eso quien est\u00e1 ah\u00ed, el problema es a qui\u00e9n le responde. Y el proyecto en el que estamos, lo que queremos es que los ministros de la Suprema Corte le respondan al pueblo de M\u00e9xico, no a intereses creados, no a intereses de unos cuantos. Esa es la decisi\u00f3n que se tomar\u00eda el d\u00eda de hoy\u201d.<\/p>\n\n\n\n<p>La decisi\u00f3n, dijo la Jefa de Gobierno de la Ciudad de M\u00e9xico, antes de la sesi\u00f3n de la SCJN de este 2 de enero, le pertenece a la Corte y \u201cse respetar\u00e1, pero eso no quiere decir que uno no pueda tener una opini\u00f3n\u201d.<\/p>\n\n\n\n<p>La ministra Norma Luc\u00eda Pi\u00f1a Hern\u00e1ndez lleg\u00f3 a la Suprema Corte de Justicia de la Naci\u00f3n en 2015 para reemplazar a la ministra en retiro y actual senadora por Morena, Olga S\u00e1nchez Cordero. La nueva presidenta de la Corte, abogada por la UNAM, ha votado en diversas ocasiones en contra de casos relevantes para el actual gobierno.<\/p>\n\n\n\n<p>El ministro saliente es Arturo Zald\u00edvar, quien se mostr\u00f3 cercano al gobierno del presidente Andr\u00e9s Manuel L\u00f3pez Obrador, titular del Poder Ejecutivo.<\/p>\n\n\n\n<p>Fuente: <a href=\"https:\/\/www.forbes.com.mx\/la-corte-debe-servir-al-pueblo-no-a-intereses-particulares-sheinbaum\/\" target=\"_blank\" rel=\"noreferrer noopener\">Forbes<\/a><\/p>\n","protected":false},"excerpt":{"rendered":"<p>La jefa de gobierno de la Ciudad de M\u00e9xico, Claudia Sheinbaum, consider\u00f3 este lunes que la Suprema Corte de Justicia de la Naci\u00f3n (SCJN) \u201cno puede servir a intereses particulares, tiene que servir a los intereses del pueblo de M\u00e9xico\u201d. Este lunes el Pleno de la SCJN eligi\u00f3 a Norma Luc\u00eda Pi\u00f1a Hern\u00e1ndez como la [&hellip;]<\/p>\n","protected":false},"author":35,"featured_media":81655,"comment_status":"open","ping_status":"open","sticky":false,"template":"","format":"standard","meta":{"_monsterinsights_skip_tracking":false,"_monsterinsights_sitenote_active":false,"_monsterinsights_sitenote_note":"","_monsterinsights_sitenote_category":0,"footnotes":""},"categories":[158],"tags":[2801,7727,13475,7604,12496,16805,22249],"class_list":["post-88667","post","type-post","status-publish","format-standard","has-post-thumbnail","hentry","category-politica","tag-claudia-sheinbaum","tag-corte","tag-debe","tag-intereses","tag-particulares","tag-pueblo","tag-servir","wp-image-borders"],"amp_enabled":true,"_links":{"self":[{"href":"https:\/\/nvnoticias.mx\/index.php\/wp-json\/wp\/v2\/posts\/88667","targetHints":{"allow":["GET"]}}],"collection":[{"href":"https:\/\/nvnoticias.mx\/index.php\/wp-json\/wp\/v2\/posts"}],"about":[{"href":"https:\/\/nvnoticias.mx\/index.php\/wp-json\/wp\/v2\/types\/post"}],"author":[{"embeddable":true,"href":"https:\/\/nvnoticias.mx\/index.php\/wp-json\/wp\/v2\/users\/35"}],"replies":[{"embeddable":true,"href":"https:\/\/nvnoticias.mx\/index.php\/wp-json\/wp\/v2\/comments?post=88667"}],"version-history":[{"count":1,"href":"https:\/\/nvnoticias.mx\/index.php\/wp-json\/wp\/v2\/posts\/88667\/revisions"}],"predecessor-version":[{"id":88668,"href":"https:\/\/nvnoticias.mx\/index.php\/wp-json\/wp\/v2\/posts\/88667\/revisions\/88668"}],"wp:featuredmedia":[{"embeddable":true,"href":"https:\/\/nvnoticias.mx\/index.php\/wp-json\/wp\/v2\/media\/81655"}],"wp:attachment":[{"href":"https:\/\/nvnoticias.mx\/index.php\/wp-json\/wp\/v2\/media?parent=88667"}],"wp:term":[{"taxonomy":"category","embeddable":true,"href":"https:\/\/nvnoticias.mx\/index.php\/wp-json\/wp\/v2\/categories?post=88667"},{"taxonomy":"post_tag","embeddable":true,"href":"https:\/\/nvnoticias.mx\/index.php\/wp-json\/wp\/v2\/tags?post=88667"}],"curies":[{"name":"wp","href":"https:\/\/api.w.org\/{rel}","templated":true}]}}