{"id":88640,"date":"2023-01-02T13:33:04","date_gmt":"2023-01-02T19:33:04","guid":{"rendered":"https:\/\/nvnoticias.mx\/?p=88640"},"modified":"2023-01-02T13:33:05","modified_gmt":"2023-01-02T19:33:05","slug":"productores-locales-quedaran-en-desventaja-ante-la-importacion-de-leche-en-polvo","status":"publish","type":"post","link":"https:\/\/nvnoticias.mx\/index.php\/2023\/01\/02\/productores-locales-quedaran-en-desventaja-ante-la-importacion-de-leche-en-polvo\/","title":{"rendered":"Productores locales quedar\u00e1n en desventaja ante la importaci\u00f3n de leche en polvo"},"content":{"rendered":"\n<p><strong>Jes\u00fas Utrilla \/ NV Noticias<\/strong><\/p>\n\n\n\n<p>La demanda de leche aumentar\u00e1 30 por ciento\u00a0 este a\u00f1o y se tendr\u00e1 que importar m\u00e1s, sin embargo, se dejar\u00e1 en desventaja a lo productores locales, advirti\u00f3 El presidente de la Uni\u00f3n General Obrera Campesina y Popular (UGOCP), Luis G\u00f3mez Garay.<\/p>\n\n\n\n<p>Explic\u00f3 que en M\u00e9xico hay 257 mil productores l\u00e1cteos y solo 105 mil 541 tienen bovinos de doble prop\u00f3sito.<\/p>\n\n\n\n<p>En el caso de Veracruz el hato ganadero es grande pero poco productivo. Cit\u00f3 de ejemplo que una vaca pinta holandesa produce 30 o 36 litros por d\u00eda pero en las comunidades agrarias solo producen entre 3 y 4 litros.<\/p>\n\n\n\n<blockquote class=\"wp-block-quote is-layout-flow wp-block-quote-is-layout-flow\"><p>\u201c<em>Tenemos problemas en cuanto a la calidad gen\u00e9tica de los animales, no tenemos buen pie de cr\u00eda. Se han hecho diferentes est\u00edmulos para mejorar la calidad de nuestras vacas pero no hemos tenido resultados<\/em>\u201d.<\/p><\/blockquote>\n\n\n\n<p>Tan s\u00f3lo en el primer trimestre de 2022, el pa\u00eds gast\u00f3 269.1 millones de d\u00f3lares en importaciones de leche descremada en polvo, lo que represent\u00f3 un alza interanual del 33.6 por ciento, seg\u00fan cifras del Departamento de Comercio de Estados Unidos.<\/p>\n\n\n\n<blockquote class=\"wp-block-quote is-layout-flow wp-block-quote-is-layout-flow\"><p>\u201c<em>En campo te pagan barat\u00edsimo estamos hablando de 6 u 8 pesos y todo el valor agregado que se le da lo acaparan los agroindustriales, los que tienen la capacidad de poner instalaciones de pasteurizaci\u00f3n, envasado ,etc\u00e9tera, que no existe en nuestras comunidades<\/em>\u201d.<\/p><\/blockquote>\n\n\n\n<p>De acuerdo con Instituto Nacional de Estad\u00edstica y Geograf\u00eda represent\u00f3 531.8 millones de d\u00f3lares. Pero como parte de los acuerdos entre Estados Unidos y M\u00e9xico se anunci\u00f3 la llegada de 50 mil toneladas de leche en polvo, de ellos 30 mil toneladas ingresar\u00e1n a inicios de este 2023.<\/p>\n","protected":false},"excerpt":{"rendered":"<p>Jes\u00fas Utrilla \/ NV Noticias La demanda de leche aumentar\u00e1 30 por ciento\u00a0 este a\u00f1o y se tendr\u00e1 que importar m\u00e1s, sin embargo, se dejar\u00e1 en desventaja a lo productores locales, advirti\u00f3 El presidente de la Uni\u00f3n General Obrera Campesina y Popular (UGOCP), Luis G\u00f3mez Garay. Explic\u00f3 que en M\u00e9xico hay 257 mil productores l\u00e1cteos [&hellip;]<\/p>\n","protected":false},"author":8,"featured_media":17267,"comment_status":"open","ping_status":"open","sticky":false,"template":"","format":"standard","meta":{"_monsterinsights_skip_tracking":false,"_monsterinsights_sitenote_active":false,"_monsterinsights_sitenote_note":"","_monsterinsights_sitenote_category":0,"footnotes":""},"categories":[154],"tags":[220,22242,2516],"class_list":["post-88640","post","type-post","status-publish","format-standard","has-post-thumbnail","hentry","category-veracruz","tag-importacion","tag-leche-en-polvo","tag-productores","wp-image-borders"],"amp_enabled":true,"_links":{"self":[{"href":"https:\/\/nvnoticias.mx\/index.php\/wp-json\/wp\/v2\/posts\/88640","targetHints":{"allow":["GET"]}}],"collection":[{"href":"https:\/\/nvnoticias.mx\/index.php\/wp-json\/wp\/v2\/posts"}],"about":[{"href":"https:\/\/nvnoticias.mx\/index.php\/wp-json\/wp\/v2\/types\/post"}],"author":[{"embeddable":true,"href":"https:\/\/nvnoticias.mx\/index.php\/wp-json\/wp\/v2\/users\/8"}],"replies":[{"embeddable":true,"href":"https:\/\/nvnoticias.mx\/index.php\/wp-json\/wp\/v2\/comments?post=88640"}],"version-history":[{"count":1,"href":"https:\/\/nvnoticias.mx\/index.php\/wp-json\/wp\/v2\/posts\/88640\/revisions"}],"predecessor-version":[{"id":88641,"href":"https:\/\/nvnoticias.mx\/index.php\/wp-json\/wp\/v2\/posts\/88640\/revisions\/88641"}],"wp:featuredmedia":[{"embeddable":true,"href":"https:\/\/nvnoticias.mx\/index.php\/wp-json\/wp\/v2\/media\/17267"}],"wp:attachment":[{"href":"https:\/\/nvnoticias.mx\/index.php\/wp-json\/wp\/v2\/media?parent=88640"}],"wp:term":[{"taxonomy":"category","embeddable":true,"href":"https:\/\/nvnoticias.mx\/index.php\/wp-json\/wp\/v2\/categories?post=88640"},{"taxonomy":"post_tag","embeddable":true,"href":"https:\/\/nvnoticias.mx\/index.php\/wp-json\/wp\/v2\/tags?post=88640"}],"curies":[{"name":"wp","href":"https:\/\/api.w.org\/{rel}","templated":true}]}}