{"id":88607,"date":"2023-01-02T12:03:26","date_gmt":"2023-01-02T18:03:26","guid":{"rendered":"https:\/\/nvnoticias.mx\/?p=88607"},"modified":"2023-01-02T12:03:27","modified_gmt":"2023-01-02T18:03:27","slug":"cristiano-ronaldo-sera-presentado-este-martes-con-el-al-nassr","status":"publish","type":"post","link":"https:\/\/nvnoticias.mx\/index.php\/2023\/01\/02\/cristiano-ronaldo-sera-presentado-este-martes-con-el-al-nassr\/","title":{"rendered":"Cristiano Ronaldo ser\u00e1 presentado este martes con el Al Nassr"},"content":{"rendered":"\n<p>Cristiano Ronaldo estar\u00e1 en Riyadh que tiene los ojos puestos en la presentaci\u00f3n oficial del nuevo refuerzo del Al Nassr de Arabia Saudita, que confirm\u00f3 que el portugu\u00e9s vestir\u00e1 sus colores este martes.<\/p>\n\n\n\n<p>Fue a trav\u00e9s de las redes sociales del club que la informaci\u00f3n se comparte para benepl\u00e1cito de los aficionados a nivel mundial.<\/p>\n\n\n\n<blockquote class=\"wp-block-quote is-layout-flow wp-block-quote-is-layout-flow\"><p>\u201c<em>Todos los ojos est\u00e1n puestos en Riyadh pues el m\u00e1s grande del mundo, Cristiano, se revelar\u00e1 con los colores del Al Nassr por primera vez<\/em>\u201d, reza el comunicado publicado en el perfil de Twitter del equipo.<\/p><\/blockquote>\n\n\n\n<p>Adem\u00e1s comparten la ubicaci\u00f3n y la hora, que ser\u00e1 en el parque Marsol que tambi\u00e9n hace eco de la informaci\u00f3n, dando promoci\u00f3n ala presentaci\u00f3n del portugu\u00e9s, que ser\u00e1 a las 19:00 horas tiempo local, 10:00 Am tiempo del centro y 11:00 tiempo del Este.<\/p>\n\n\n\n<figure class=\"wp-block-embed aligncenter is-type-rich is-provider-twitter wp-block-embed-twitter\"><div class=\"wp-block-embed__wrapper\">\n<blockquote class=\"twitter-tweet\" data-width=\"550\" data-dnt=\"true\"><p lang=\"ar\" dir=\"rtl\">\u0627\u0644\u062f\u0648\u0646 \u0648\u0635\u0644 ????????????<a href=\"https:\/\/twitter.com\/hashtag\/%D9%83%D8%B1%D9%8A%D8%B3%D8%AA%D9%8A%D8%A7%D9%86%D9%88_%D8%B1%D9%88%D9%86%D8%A7%D9%84%D8%AF%D9%88?src=hash&amp;ref_src=twsrc%5Etfw\">#\u0643\u0631\u064a\u0633\u062a\u064a\u0627\u0646\u0648_\u0631\u0648\u0646\u0627\u0644\u062f\u0648<\/a> <a href=\"https:\/\/t.co\/iiB9C7KEY4\">pic.twitter.com\/iiB9C7KEY4<\/a><\/p>&mdash; \u0645\u0631\u0633\u064f\u0648\u0644 \u0628\u0627\u0631\u0643 &#8211; Mrsool Park (@VictoryArena_sa) <a href=\"https:\/\/twitter.com\/VictoryArena_sa\/status\/1608938497553100801?ref_src=twsrc%5Etfw\">December 30, 2022<\/a><\/blockquote><script async src=\"https:\/\/platform.twitter.com\/widgets.js\" charset=\"utf-8\"><\/script>\n<\/div><\/figure>\n\n\n\n<p>Hasta ahora, las im\u00e1genes de Cristiano Ronaldo con la camiseta del Al Nassr han sido arte digital y las fotos de su primera presentaci\u00f3n sosteniendo la camiseta amarilla con azul del equipo, pero este martes el mundo podr\u00e1 verlo vistiendo sus colores.<\/p>\n\n\n\n<p>El mismo Cristiano Ronaldo subi\u00f3 en su cuenta de Instagram, una historia en la que emociona a sus seguidores con un simple, pero contundente mensaje: \u201cHola chicos\u2026 nos vemos pronto\u201d, mientras que en la cuenta del Al Nassr, se mostr\u00f3 otro mensaje en \u00e1rabe e ingl\u00e9s.<\/p>\n\n\n\n<p>Fuente: <a href=\"https:\/\/www.tudn.com\/futbol\/cristiano-ronaldo-debuta-este-martes-con-camiseta-al-nassr\">TUDN<\/a><\/p>\n","protected":false},"excerpt":{"rendered":"<p>Cristiano Ronaldo estar\u00e1 en Riyadh que tiene los ojos puestos en la presentaci\u00f3n oficial del nuevo refuerzo del Al Nassr de Arabia Saudita, que confirm\u00f3 que el portugu\u00e9s vestir\u00e1 sus colores este martes. Fue a trav\u00e9s de las redes sociales del club que la informaci\u00f3n se comparte para benepl\u00e1cito de los aficionados a nivel mundial. [&hellip;]<\/p>\n","protected":false},"author":8,"featured_media":88608,"comment_status":"open","ping_status":"open","sticky":false,"template":"","format":"standard","meta":{"_monsterinsights_skip_tracking":false,"_monsterinsights_sitenote_active":false,"_monsterinsights_sitenote_note":"","_monsterinsights_sitenote_category":0,"footnotes":""},"categories":[159],"tags":[21643,863,12967],"class_list":["post-88607","post","type-post","status-publish","format-standard","has-post-thumbnail","hentry","category-deportes","tag-al-nassr","tag-cristiano-ronaldo","tag-presentacion","wp-image-borders"],"amp_enabled":true,"_links":{"self":[{"href":"https:\/\/nvnoticias.mx\/index.php\/wp-json\/wp\/v2\/posts\/88607","targetHints":{"allow":["GET"]}}],"collection":[{"href":"https:\/\/nvnoticias.mx\/index.php\/wp-json\/wp\/v2\/posts"}],"about":[{"href":"https:\/\/nvnoticias.mx\/index.php\/wp-json\/wp\/v2\/types\/post"}],"author":[{"embeddable":true,"href":"https:\/\/nvnoticias.mx\/index.php\/wp-json\/wp\/v2\/users\/8"}],"replies":[{"embeddable":true,"href":"https:\/\/nvnoticias.mx\/index.php\/wp-json\/wp\/v2\/comments?post=88607"}],"version-history":[{"count":1,"href":"https:\/\/nvnoticias.mx\/index.php\/wp-json\/wp\/v2\/posts\/88607\/revisions"}],"predecessor-version":[{"id":88609,"href":"https:\/\/nvnoticias.mx\/index.php\/wp-json\/wp\/v2\/posts\/88607\/revisions\/88609"}],"wp:featuredmedia":[{"embeddable":true,"href":"https:\/\/nvnoticias.mx\/index.php\/wp-json\/wp\/v2\/media\/88608"}],"wp:attachment":[{"href":"https:\/\/nvnoticias.mx\/index.php\/wp-json\/wp\/v2\/media?parent=88607"}],"wp:term":[{"taxonomy":"category","embeddable":true,"href":"https:\/\/nvnoticias.mx\/index.php\/wp-json\/wp\/v2\/categories?post=88607"},{"taxonomy":"post_tag","embeddable":true,"href":"https:\/\/nvnoticias.mx\/index.php\/wp-json\/wp\/v2\/tags?post=88607"}],"curies":[{"name":"wp","href":"https:\/\/api.w.org\/{rel}","templated":true}]}}