{"id":88580,"date":"2023-01-02T11:16:46","date_gmt":"2023-01-02T17:16:46","guid":{"rendered":"https:\/\/nvnoticias.mx\/?p=88580"},"modified":"2023-01-02T11:16:47","modified_gmt":"2023-01-02T17:16:47","slug":"el-aguila-de-veracruz-presenta-logo-del-120-aniversario","status":"publish","type":"post","link":"https:\/\/nvnoticias.mx\/index.php\/2023\/01\/02\/el-aguila-de-veracruz-presenta-logo-del-120-aniversario\/","title":{"rendered":"El \u00c1guila de Veracruz presenta logo del 120 aniversario"},"content":{"rendered":"\n<p>La grandeza, pasi\u00f3n y legado de El \u00c1guila de Veracruz se ven reflejados en el logo conmemorativo del 120 aniversario de la fundaci\u00f3n del equipo y que se usar\u00e1 durante la temporada 2023 de la Liga Mexicana de Beisbol.<\/p>\n\n\n\n<p>\u201cEl viejo \u00c1guila naci\u00f3 solamente d\u00f3nde deb\u00eda haber nacido, para encerrar la gloria que guarda, a la orilla del mar de este heroico puerto jarocho\u201d, se lee en el peri\u00f3dico El Dictamen, del 20 de marzo de 1969. El \u00c1guila vio la luz por primera vez, un 16 de septiembre de 1903, cuando enfrent\u00f3 al equipo Indios de Ju\u00e1rez; El Glorioso fue fundado durante El Porfiriato, por la compa\u00f1\u00eda petrolera inglesa El \u00c1guila, de ah\u00ed su nombre.<\/p>\n\n\n\n<p>El logo del aniversario 120 de El \u00c1guila, retoma la esencia del equipo comandado por el m\u00e1nager cubano-jarocho Agust\u00edn Verde, cuya \u201cA\u201d roja estilo g\u00f3tico con peque\u00f1os patines, refleja la fuerte influencia de Cuba (equipo Almendares); en la letra \u201cA\u201d en rojo, que es el color que m\u00e1s predominaba en el uniforme, tambi\u00e9n aparecen las seis estrellas que representan los campeonatos del equipo en la Liga Mexicana de Beisbol: 1937, 1938, 1952, 1961, 1970 y 2012 y de fondo, la gran protagonista: la pelota de beisbol y sus 108 costuras.<\/p>\n\n\n\n<p>Este fue el primer logo de batalla de la novena jarocha, ya que los logos compuestos (con m\u00e1s de dos elementos) en el beisbol mexicano aparecieron por los a\u00f1os 30\u2019s, ah\u00ed fue se comenz\u00f3 a usar el logo del \u00e1guila con el bat, que marc\u00f3 al equipo jarocho por a\u00f1os.<\/p>\n\n\n\n<p>Desde el arranque de la temporada, la Directiva de El \u00c1guila realizar\u00e1 diversas actividades para que los aficionados puedan conocer toda la historia del equipo (documentada), el legado e impacto (incluso durante la Revoluci\u00f3n Mexicana) que ha tenido El Glorioso en el beisbol mexicano.<\/p>\n\n\n\n<p>\u00a1S\u00e9 parte de la historia!<\/p>\n","protected":false},"excerpt":{"rendered":"<p>La grandeza, pasi\u00f3n y legado de El \u00c1guila de Veracruz se ven reflejados en el logo conmemorativo del 120 aniversario de la fundaci\u00f3n del equipo y que se usar\u00e1 durante la temporada 2023 de la Liga Mexicana de Beisbol. \u201cEl viejo \u00c1guila naci\u00f3 solamente d\u00f3nde deb\u00eda haber nacido, para encerrar la gloria que guarda, a [&hellip;]<\/p>\n","protected":false},"author":8,"featured_media":88581,"comment_status":"open","ping_status":"open","sticky":false,"template":"","format":"standard","meta":{"_monsterinsights_skip_tracking":false,"_monsterinsights_sitenote_active":false,"_monsterinsights_sitenote_note":"","_monsterinsights_sitenote_category":0,"footnotes":""},"categories":[159],"tags":[3044,1195,22230],"class_list":["post-88580","post","type-post","status-publish","format-standard","has-post-thumbnail","hentry","category-deportes","tag-aniversario","tag-el-aguila-de-veracruz","tag-logo","wp-image-borders"],"amp_enabled":true,"_links":{"self":[{"href":"https:\/\/nvnoticias.mx\/index.php\/wp-json\/wp\/v2\/posts\/88580","targetHints":{"allow":["GET"]}}],"collection":[{"href":"https:\/\/nvnoticias.mx\/index.php\/wp-json\/wp\/v2\/posts"}],"about":[{"href":"https:\/\/nvnoticias.mx\/index.php\/wp-json\/wp\/v2\/types\/post"}],"author":[{"embeddable":true,"href":"https:\/\/nvnoticias.mx\/index.php\/wp-json\/wp\/v2\/users\/8"}],"replies":[{"embeddable":true,"href":"https:\/\/nvnoticias.mx\/index.php\/wp-json\/wp\/v2\/comments?post=88580"}],"version-history":[{"count":1,"href":"https:\/\/nvnoticias.mx\/index.php\/wp-json\/wp\/v2\/posts\/88580\/revisions"}],"predecessor-version":[{"id":88582,"href":"https:\/\/nvnoticias.mx\/index.php\/wp-json\/wp\/v2\/posts\/88580\/revisions\/88582"}],"wp:featuredmedia":[{"embeddable":true,"href":"https:\/\/nvnoticias.mx\/index.php\/wp-json\/wp\/v2\/media\/88581"}],"wp:attachment":[{"href":"https:\/\/nvnoticias.mx\/index.php\/wp-json\/wp\/v2\/media?parent=88580"}],"wp:term":[{"taxonomy":"category","embeddable":true,"href":"https:\/\/nvnoticias.mx\/index.php\/wp-json\/wp\/v2\/categories?post=88580"},{"taxonomy":"post_tag","embeddable":true,"href":"https:\/\/nvnoticias.mx\/index.php\/wp-json\/wp\/v2\/tags?post=88580"}],"curies":[{"name":"wp","href":"https:\/\/api.w.org\/{rel}","templated":true}]}}