{"id":88577,"date":"2023-01-02T11:12:03","date_gmt":"2023-01-02T17:12:03","guid":{"rendered":"https:\/\/nvnoticias.mx\/?p=88577"},"modified":"2023-01-02T11:12:04","modified_gmt":"2023-01-02T17:12:04","slug":"el-ayuntamiento-de-veracruz-puso-en-marcha-el-cobro-del-impuesto-predial-habra-descuentos-este-mes","status":"publish","type":"post","link":"https:\/\/nvnoticias.mx\/index.php\/2023\/01\/02\/el-ayuntamiento-de-veracruz-puso-en-marcha-el-cobro-del-impuesto-predial-habra-descuentos-este-mes\/","title":{"rendered":"El Ayuntamiento de Veracruz puso en marcha el cobro del impuesto predial; habr\u00e1 descuentos este mes"},"content":{"rendered":"\n<p><strong>Jes\u00fas Utrilla \/ NV Noticias<\/strong><\/p>\n\n\n\n<p>El Ayuntamiento de Veracruz puso en marcha el cobro del impuesto predial con descuentos de 20 por ciento para el p\u00fablico en general y 50 por ciento de descuento para las personas registradas en el padr\u00f3n de pensionados, jubilados, tercera edad, discapacitados, madres solteras y v\u00edctimas indirectas de los delitos de desaparici\u00f3n forzada.<\/p>\n\n\n\n<p>La alcaldesa de Veracruz Patricia Lobeira invit\u00f3 a aprovechar los descuentos que durante el mes de enero tendr\u00e1n al realizar el pago de su predial 2023.<\/p>\n\n\n\n<blockquote class=\"wp-block-quote is-layout-flow wp-block-quote-is-layout-flow\"><p>\u201c<em>Contamos contigo para el pago del predial 2023, con tu participaci\u00f3n juntos lograremos mejorar los aspectos de la vida de los veracruzanos y de nuestra ciudad que requieren mayor atenci\u00f3n<\/em>\u201d.<\/p><\/blockquote>\n\n\n\n<p>Record\u00f3 que el dinero que se capta de la contribuci\u00f3n se retribuye con la realizaci\u00f3n de obra p\u00fablica, por eso exhort\u00f3 a cumplir con la obligaci\u00f3n.<\/p>\n\n\n\n<p>De esta forma los ciudadanos disfrutar\u00e1n de una ciudad limpia, ordenada e iluminada.<\/p>\n\n\n\n<blockquote class=\"wp-block-quote is-layout-flow wp-block-quote-is-layout-flow\"><p>\u201c<em>Seguimos trabajando en obras, acciones y decisiones que mejoran la calidad de vida en nuestra ciudad<\/em>\u201d.<\/p><\/blockquote>\n\n\n\n<p><strong>Puntos para realizar el pago<\/strong><\/p>\n\n\n\n<p>Kioskos ubicados en los bajos del Edificio Trigueros y en las cajas de cobro de la direcci\u00f3n de ingresos. De lunes a viernes de 8 a 15 horas.<\/p>\n\n\n\n<p>Instalaciones del Registro Civil, DIF Matamoros, oficinas de Obras P\u00fablicas y en el DIF Ruiz Cortines. De lunes a viernes de 9 a 14 horas.<\/p>\n\n\n\n<p>Agencia municipal de Santa Fe. De 8 a 13 horas.<\/p>\n\n\n\n<p>Pago en l\u00ednea desde el sitio web\u00a0<a rel=\"noreferrer noopener\" href=\"http:\/\/tesoreriavirtual.veracruzmunicipio.gob.mx\/\" target=\"_blank\">tesoreriavirtual.veracruzmunicipio.gob.mx<\/a><\/p>\n","protected":false},"excerpt":{"rendered":"<p>Jes\u00fas Utrilla \/ NV Noticias El Ayuntamiento de Veracruz puso en marcha el cobro del impuesto predial con descuentos de 20 por ciento para el p\u00fablico en general y 50 por ciento de descuento para las personas registradas en el padr\u00f3n de pensionados, jubilados, tercera edad, discapacitados, madres solteras y v\u00edctimas indirectas de los delitos [&hellip;]<\/p>\n","protected":false},"author":8,"featured_media":88578,"comment_status":"open","ping_status":"open","sticky":false,"template":"","format":"standard","meta":{"_monsterinsights_skip_tracking":false,"_monsterinsights_sitenote_active":false,"_monsterinsights_sitenote_note":"","_monsterinsights_sitenote_category":0,"footnotes":""},"categories":[154],"tags":[1184,2027,1268],"class_list":["post-88577","post","type-post","status-publish","format-standard","has-post-thumbnail","hentry","category-veracruz","tag-ayuntamiento-de-veracruz","tag-descuentos","tag-predial","wp-image-borders"],"amp_enabled":true,"_links":{"self":[{"href":"https:\/\/nvnoticias.mx\/index.php\/wp-json\/wp\/v2\/posts\/88577","targetHints":{"allow":["GET"]}}],"collection":[{"href":"https:\/\/nvnoticias.mx\/index.php\/wp-json\/wp\/v2\/posts"}],"about":[{"href":"https:\/\/nvnoticias.mx\/index.php\/wp-json\/wp\/v2\/types\/post"}],"author":[{"embeddable":true,"href":"https:\/\/nvnoticias.mx\/index.php\/wp-json\/wp\/v2\/users\/8"}],"replies":[{"embeddable":true,"href":"https:\/\/nvnoticias.mx\/index.php\/wp-json\/wp\/v2\/comments?post=88577"}],"version-history":[{"count":1,"href":"https:\/\/nvnoticias.mx\/index.php\/wp-json\/wp\/v2\/posts\/88577\/revisions"}],"predecessor-version":[{"id":88579,"href":"https:\/\/nvnoticias.mx\/index.php\/wp-json\/wp\/v2\/posts\/88577\/revisions\/88579"}],"wp:featuredmedia":[{"embeddable":true,"href":"https:\/\/nvnoticias.mx\/index.php\/wp-json\/wp\/v2\/media\/88578"}],"wp:attachment":[{"href":"https:\/\/nvnoticias.mx\/index.php\/wp-json\/wp\/v2\/media?parent=88577"}],"wp:term":[{"taxonomy":"category","embeddable":true,"href":"https:\/\/nvnoticias.mx\/index.php\/wp-json\/wp\/v2\/categories?post=88577"},{"taxonomy":"post_tag","embeddable":true,"href":"https:\/\/nvnoticias.mx\/index.php\/wp-json\/wp\/v2\/tags?post=88577"}],"curies":[{"name":"wp","href":"https:\/\/api.w.org\/{rel}","templated":true}]}}