{"id":88549,"date":"2023-01-02T09:38:08","date_gmt":"2023-01-02T15:38:08","guid":{"rendered":"https:\/\/nvnoticias.mx\/?p=88549"},"modified":"2023-01-02T09:38:10","modified_gmt":"2023-01-02T15:38:10","slug":"elegira-la-suprema-corte-a-su-nuevo-presidente-para-los-proximos-cuatro-anos","status":"publish","type":"post","link":"https:\/\/nvnoticias.mx\/index.php\/2023\/01\/02\/elegira-la-suprema-corte-a-su-nuevo-presidente-para-los-proximos-cuatro-anos\/","title":{"rendered":"Elegir\u00e1 la Suprema Corte a su nuevo presidente para los pr\u00f3ximos cuatro a\u00f1os"},"content":{"rendered":"\n<p>Hoy las miradas estar\u00e1n puestas en la Suprema Corte de Justicia de la Naci\u00f3n (SCJN), que elegir\u00e1 a su nuevo presidente o presidenta, para los pr\u00f3ximos cuatro a\u00f1os.<\/p>\n\n\n\n<p>Lo har\u00e1 en medio de lo que es considerada su peor crisis institucional, luego de que uno de los cinco candidatos a suceder al ministro Arturo Zald\u00edvar, la ministra Yasm\u00edn Esquivel Mossa, tiene se\u00f1alamientos de supuesto plagio de su tesis de licenciatura en Derecho.<\/p>\n\n\n\n<p>En sesi\u00f3n p\u00fablica solemne presidida por el ministro decano, Luis Mar\u00eda Aguilar Morales, el pleno de la Suprema Corte de Justicia de la Naci\u00f3n elegir\u00e1 a quien los representar\u00e1 en el Poder Judicial de la Federaci\u00f3n (PJF).<\/p>\n\n\n\n<p>Los ministros votar\u00e1n en secreto en c\u00e9dulas que ser\u00e1n contadas por dos ministros designados para el escrutinio. Los candidatos a suceder a Arturo Zald\u00edvar necesitan al menos seis de los 11 votos del pleno para ganar la presidencia del m\u00e1ximo Tribunal del pa\u00eds y del Consejo de la Judicatura Federal (CJF), este \u00faltimo es el \u00f3rgano administrativo del PJF.<\/p>\n\n\n\n<p>Si nadie resulta electo en la primera ronda, se realizar\u00e1 una nueva votaci\u00f3n entre los candidatos que acumulen m\u00e1s votos.<\/p>\n\n\n\n<p>En caso de que ninguno de los aspirantes resulte electo en segunda ronda, el procedimiento se repetir\u00e1 hasta que alguno de los ministros logre los seis votos necesarios para asumir la presidencia de la Suprema Corte de Justicia de la Naci\u00f3n y del Consejo de la Judicatura Federal.<\/p>\n\n\n\n<p>El ministro que resulte electo tomar\u00e1 posesi\u00f3n del cargo este mismo lunes ante el pleno de la SCJN y del Consejo de la Judicatura Federal.<\/p>\n\n\n\n<p>En orden alfab\u00e9tico, estos son los candidatos a la presidencia de la Suprema Corte: Yasm\u00edn Esquivel Mossa, quien se mantiene en la contienda por ser electa como la primera mujer presidenta en el Tribunal; Alfredo Guti\u00e9rrez Ortiz Mena, quien se ha definido como el ministro que no da entrevistas. Ha votado a favor de que las Fuerzas Armadas permanezcan en las calles hasta 2024.<\/p>\n\n\n\n<p>Tambi\u00e9n se encuentra Javier Laynez Potisek, quien ha dicho que conf\u00eda en que la sesi\u00f3n de renovaci\u00f3n de la presidencia de la Suprema Corte de Justicia ser\u00e1 tersa.<\/p>\n\n\n\n<p>Otros candidatos son Alberto P\u00e9rez Day\u00e1n, quien compite por segunda ocasi\u00f3n por la presidencia de la Corte, y Norma Luc\u00eda Pi\u00f1a Hern\u00e1ndez, decana de las cuatro mujeres del pleno del m\u00e1ximo Tribunal.<\/p>\n\n\n\n<p>Fuente:<a href=\"https:\/\/www.eluniversal.com.mx\/nacion\/una-votacion-en-medio-de-la-polemica\" data-type=\"URL\" data-id=\"https:\/\/www.eluniversal.com.mx\/nacion\/una-votacion-en-medio-de-la-polemica\"> El Universal<\/a><\/p>\n","protected":false},"excerpt":{"rendered":"<p>Hoy las miradas estar\u00e1n puestas en la Suprema Corte de Justicia de la Naci\u00f3n (SCJN), que elegir\u00e1 a su nuevo presidente o presidenta, para los pr\u00f3ximos cuatro a\u00f1os. Lo har\u00e1 en medio de lo que es considerada su peor crisis institucional, luego de que uno de los cinco candidatos a suceder al ministro Arturo Zald\u00edvar, [&hellip;]<\/p>\n","protected":false},"author":35,"featured_media":53418,"comment_status":"open","ping_status":"open","sticky":false,"template":"","format":"standard","meta":{"_monsterinsights_skip_tracking":false,"_monsterinsights_sitenote_active":false,"_monsterinsights_sitenote_note":"","_monsterinsights_sitenote_category":0,"footnotes":""},"categories":[158],"tags":[22227,8003,162,411,5460],"class_list":["post-88549","post","type-post","status-publish","format-standard","has-post-thumbnail","hentry","category-politica","tag-elegira","tag-nuevo","tag-portada","tag-presidente","tag-suprema-corte","wp-image-borders"],"amp_enabled":true,"_links":{"self":[{"href":"https:\/\/nvnoticias.mx\/index.php\/wp-json\/wp\/v2\/posts\/88549","targetHints":{"allow":["GET"]}}],"collection":[{"href":"https:\/\/nvnoticias.mx\/index.php\/wp-json\/wp\/v2\/posts"}],"about":[{"href":"https:\/\/nvnoticias.mx\/index.php\/wp-json\/wp\/v2\/types\/post"}],"author":[{"embeddable":true,"href":"https:\/\/nvnoticias.mx\/index.php\/wp-json\/wp\/v2\/users\/35"}],"replies":[{"embeddable":true,"href":"https:\/\/nvnoticias.mx\/index.php\/wp-json\/wp\/v2\/comments?post=88549"}],"version-history":[{"count":6,"href":"https:\/\/nvnoticias.mx\/index.php\/wp-json\/wp\/v2\/posts\/88549\/revisions"}],"predecessor-version":[{"id":88555,"href":"https:\/\/nvnoticias.mx\/index.php\/wp-json\/wp\/v2\/posts\/88549\/revisions\/88555"}],"wp:featuredmedia":[{"embeddable":true,"href":"https:\/\/nvnoticias.mx\/index.php\/wp-json\/wp\/v2\/media\/53418"}],"wp:attachment":[{"href":"https:\/\/nvnoticias.mx\/index.php\/wp-json\/wp\/v2\/media?parent=88549"}],"wp:term":[{"taxonomy":"category","embeddable":true,"href":"https:\/\/nvnoticias.mx\/index.php\/wp-json\/wp\/v2\/categories?post=88549"},{"taxonomy":"post_tag","embeddable":true,"href":"https:\/\/nvnoticias.mx\/index.php\/wp-json\/wp\/v2\/tags?post=88549"}],"curies":[{"name":"wp","href":"https:\/\/api.w.org\/{rel}","templated":true}]}}