{"id":88538,"date":"2023-01-02T09:17:34","date_gmt":"2023-01-02T15:17:34","guid":{"rendered":"https:\/\/nvnoticias.mx\/?p=88538"},"modified":"2023-01-02T09:17:35","modified_gmt":"2023-01-02T15:17:35","slug":"yasmin-esquivel-es-inocente-de-plagio-de-tesis-fiscalia-de-la-cdmx","status":"publish","type":"post","link":"https:\/\/nvnoticias.mx\/index.php\/2023\/01\/02\/yasmin-esquivel-es-inocente-de-plagio-de-tesis-fiscalia-de-la-cdmx\/","title":{"rendered":"Yasm\u00edn Esquivel es inocente de plagio de tesis: Fiscal\u00eda de la CDMX"},"content":{"rendered":"\n<p>A unas horas de la elecci\u00f3n del nuevo o nueva magistrada presidenta de<strong>&nbsp;la Suprema Corte de Justicia de la Naci\u00f3n (SCJN)<\/strong>, la Fiscal\u00eda General de Justicia de la Ciudad de M\u00e9xico determin\u00f3 que&nbsp;Yasm\u00edn Esquivel, una de las aspirantes al puesto, no plagi\u00f3 su tesis de licenciatura.<\/p>\n\n\n\n<blockquote class=\"wp-block-quote is-layout-flow wp-block-quote-is-layout-flow\"><p>\u201cEl dictamen de la dependencia a cargo de&nbsp;<strong>Ernestina Godoy<\/strong>, resultado de la denuncia presentada la semana pasada por Esquivel, establece que quien plagi\u00f3 su tesis fue&nbsp;<strong>Edgar Ulises B\u00e1ez\u201d,&nbsp;<\/strong>escribe&nbsp;Dar\u00edo Celis en su columna de este lunes.<\/p><\/blockquote>\n\n\n\n<p>La conclusi\u00f3n de la Fiscal\u00eda capitalina contrasta con lo dictaminado por la&nbsp;<strong>Universidad Nacional Aut\u00f3noma de M\u00e9xico (UNAM)<\/strong>, quien estableci\u00f3 que Esquivel (vista como \u2018la candidata\u2019 del presidente Andr\u00e9s Manuel L\u00f3pez Obrador para presidir la Corte) cometi\u00f3&nbsp;<strong>un presunto plagio.<\/strong><\/p>\n\n\n\n<p>Con base en el \u2018alto nivel de coincidencias\u2019 entre las tesis objeto de revisi\u00f3n, superior al 90 por ciento, \u2018resulta evidente la existencia de un plagio\u2019, se\u00f1al\u00f3 la m\u00e1xima casa de estudios en un comunicado.<\/p>\n\n\n\n<p>De acuerdo con el an\u00e1lisis, la UNAM se\u00f1al\u00f3 que las evidencias hacen presumir que<strong>&nbsp;la tesis original&nbsp;<\/strong>fue la de Edgar Ulises B\u00e1ez, sustentada desde 1986.<\/p>\n\n\n\n<p><strong>Enrique Graue<\/strong>, rector de la UNAM, afirm\u00f3 que el Comit\u00e9 de Integridad Acad\u00e9mica y Cient\u00edfica de la\u00a0FES Arag\u00f3n\u00a0recibi\u00f3 un \u201ctestimonio notariado que contiene un escrito de quien sustent\u00f3 su tesis en 1986, expresando que utiliz\u00f3 varias referencias, textos y partes importantes del contenido de la tesis publicada posteriormente, en 1987\u2033.<\/p>\n\n\n\n<p>Fuente: <a href=\"https:\/\/www.elfinanciero.com.mx\/nacional\/2023\/01\/02\/yasmin-esquivel-es-inocente-de-plagio-de-tesis-segun-la-fiscalia-de-la-cdmx\/\" data-type=\"URL\" data-id=\"https:\/\/www.elfinanciero.com.mx\/nacional\/2023\/01\/02\/yasmin-esquivel-es-inocente-de-plagio-de-tesis-segun-la-fiscalia-de-la-cdmx\/\">El Financiero<\/a> <\/p>\n","protected":false},"excerpt":{"rendered":"<p>A unas horas de la elecci\u00f3n del nuevo o nueva magistrada presidenta de&nbsp;la Suprema Corte de Justicia de la Naci\u00f3n (SCJN), la Fiscal\u00eda General de Justicia de la Ciudad de M\u00e9xico determin\u00f3 que&nbsp;Yasm\u00edn Esquivel, una de las aspirantes al puesto, no plagi\u00f3 su tesis de licenciatura. \u201cEl dictamen de la dependencia a cargo de&nbsp;Ernestina Godoy, [&hellip;]<\/p>\n","protected":false},"author":35,"featured_media":87535,"comment_status":"open","ping_status":"open","sticky":false,"template":"","format":"standard","meta":{"_monsterinsights_skip_tracking":false,"_monsterinsights_sitenote_active":false,"_monsterinsights_sitenote_note":"","_monsterinsights_sitenote_category":0,"footnotes":""},"categories":[158],"tags":[22224,2899,162,21993],"class_list":["post-88538","post","type-post","status-publish","format-standard","has-post-thumbnail","hentry","category-politica","tag-fiscalia-de-la-cdmx","tag-inocente","tag-portada","tag-yasmin-esquivel","wp-image-borders"],"amp_enabled":true,"_links":{"self":[{"href":"https:\/\/nvnoticias.mx\/index.php\/wp-json\/wp\/v2\/posts\/88538","targetHints":{"allow":["GET"]}}],"collection":[{"href":"https:\/\/nvnoticias.mx\/index.php\/wp-json\/wp\/v2\/posts"}],"about":[{"href":"https:\/\/nvnoticias.mx\/index.php\/wp-json\/wp\/v2\/types\/post"}],"author":[{"embeddable":true,"href":"https:\/\/nvnoticias.mx\/index.php\/wp-json\/wp\/v2\/users\/35"}],"replies":[{"embeddable":true,"href":"https:\/\/nvnoticias.mx\/index.php\/wp-json\/wp\/v2\/comments?post=88538"}],"version-history":[{"count":5,"href":"https:\/\/nvnoticias.mx\/index.php\/wp-json\/wp\/v2\/posts\/88538\/revisions"}],"predecessor-version":[{"id":88543,"href":"https:\/\/nvnoticias.mx\/index.php\/wp-json\/wp\/v2\/posts\/88538\/revisions\/88543"}],"wp:featuredmedia":[{"embeddable":true,"href":"https:\/\/nvnoticias.mx\/index.php\/wp-json\/wp\/v2\/media\/87535"}],"wp:attachment":[{"href":"https:\/\/nvnoticias.mx\/index.php\/wp-json\/wp\/v2\/media?parent=88538"}],"wp:term":[{"taxonomy":"category","embeddable":true,"href":"https:\/\/nvnoticias.mx\/index.php\/wp-json\/wp\/v2\/categories?post=88538"},{"taxonomy":"post_tag","embeddable":true,"href":"https:\/\/nvnoticias.mx\/index.php\/wp-json\/wp\/v2\/tags?post=88538"}],"curies":[{"name":"wp","href":"https:\/\/api.w.org\/{rel}","templated":true}]}}