{"id":88526,"date":"2022-12-31T13:45:48","date_gmt":"2022-12-31T19:45:48","guid":{"rendered":"https:\/\/nvnoticias.mx\/?p=88526"},"modified":"2022-12-31T13:45:49","modified_gmt":"2022-12-31T19:45:49","slug":"avion-aterriza-de-emergencia-en-praga-por-el-nacimiento-de-un-bebe","status":"publish","type":"post","link":"https:\/\/nvnoticias.mx\/index.php\/2022\/12\/31\/avion-aterriza-de-emergencia-en-praga-por-el-nacimiento-de-un-bebe\/","title":{"rendered":"Avi\u00f3n aterriza de emergencia en Praga por el nacimiento de un beb\u00e9"},"content":{"rendered":"\n<p>Un avi\u00f3n de pasajeros que volaba de Birmingham (Reino Unido) a Bucarest aterriz\u00f3 en la madrugada del viernes en el Aeropuerto Vaclav Havel de Praga\u00a0debido al nacimiento de un beb\u00e9, que finalmente tuvo lugar a bordo, inform\u00f3 Radio Praga.<\/p>\n\n\n\n<blockquote class=\"wp-block-quote is-layout-flow wp-block-quote-is-layout-flow\"><p>&#8220;<em>A las 01.14 horas el aeropuerto de Praga recibi\u00f3 informaci\u00f3n de que un vuelo del Reino Unido a Ruman\u00eda\u00a0hab\u00eda sido desviado debido a un parto. Unos 12 minutos despu\u00e9s se supo que tanto la madre como el reci\u00e9n nacido se encontraban bien<\/em>&#8220;, explic\u00f3 Michal Proch\u00e1zka, del servicio m\u00e9dico del aer\u00f3dromo.<\/p><\/blockquote>\n\n\n\n<p>Poco despu\u00e9s, el avi\u00f3n aterriz\u00f3 en Praga, y la mujer y su reci\u00e9n nacido fueron trasladados a una\u00a0cl\u00ednica praguense, mientras que el vuelo continu\u00f3 su viaje hacia Bucarest, a\u00f1adi\u00f3.<\/p>\n\n\n\n<blockquote class=\"wp-block-quote is-layout-flow wp-block-quote-is-layout-flow\"><p>&#8220;<em>Estoy feliz de que la madre y el beb\u00e9 est\u00e9n bien, y les deseo mucha salud<\/em>&#8220;, escribi\u00f3 por su parte el director del aeropuerto, Jiri Pos, en su cuenta de Twitter.\u00a0<\/p><\/blockquote>\n\n\n\n<p>Fuente: <a href=\"https:\/\/www.eluniversal.com.mx\/mundo\/avion-aterriza-de-emergencia-en-praga-por-el-nacimiento-de-un-bebe\">El Universal<\/a><\/p>\n","protected":false},"excerpt":{"rendered":"<p>Un avi\u00f3n de pasajeros que volaba de Birmingham (Reino Unido) a Bucarest aterriz\u00f3 en la madrugada del viernes en el Aeropuerto Vaclav Havel de Praga\u00a0debido al nacimiento de un beb\u00e9, que finalmente tuvo lugar a bordo, inform\u00f3 Radio Praga. &#8220;A las 01.14 horas el aeropuerto de Praga recibi\u00f3 informaci\u00f3n de que un vuelo del Reino [&hellip;]<\/p>\n","protected":false},"author":8,"featured_media":88527,"comment_status":"open","ping_status":"open","sticky":false,"template":"","format":"standard","meta":{"_monsterinsights_skip_tracking":false,"_monsterinsights_sitenote_active":false,"_monsterinsights_sitenote_note":"","_monsterinsights_sitenote_category":0,"footnotes":""},"categories":[181],"tags":[22222,3303,2340],"class_list":["post-88526","post","type-post","status-publish","format-standard","has-post-thumbnail","hentry","category-internacional","tag-aterrizaje","tag-avion","tag-bebe","wp-image-borders"],"amp_enabled":true,"_links":{"self":[{"href":"https:\/\/nvnoticias.mx\/index.php\/wp-json\/wp\/v2\/posts\/88526","targetHints":{"allow":["GET"]}}],"collection":[{"href":"https:\/\/nvnoticias.mx\/index.php\/wp-json\/wp\/v2\/posts"}],"about":[{"href":"https:\/\/nvnoticias.mx\/index.php\/wp-json\/wp\/v2\/types\/post"}],"author":[{"embeddable":true,"href":"https:\/\/nvnoticias.mx\/index.php\/wp-json\/wp\/v2\/users\/8"}],"replies":[{"embeddable":true,"href":"https:\/\/nvnoticias.mx\/index.php\/wp-json\/wp\/v2\/comments?post=88526"}],"version-history":[{"count":1,"href":"https:\/\/nvnoticias.mx\/index.php\/wp-json\/wp\/v2\/posts\/88526\/revisions"}],"predecessor-version":[{"id":88528,"href":"https:\/\/nvnoticias.mx\/index.php\/wp-json\/wp\/v2\/posts\/88526\/revisions\/88528"}],"wp:featuredmedia":[{"embeddable":true,"href":"https:\/\/nvnoticias.mx\/index.php\/wp-json\/wp\/v2\/media\/88527"}],"wp:attachment":[{"href":"https:\/\/nvnoticias.mx\/index.php\/wp-json\/wp\/v2\/media?parent=88526"}],"wp:term":[{"taxonomy":"category","embeddable":true,"href":"https:\/\/nvnoticias.mx\/index.php\/wp-json\/wp\/v2\/categories?post=88526"},{"taxonomy":"post_tag","embeddable":true,"href":"https:\/\/nvnoticias.mx\/index.php\/wp-json\/wp\/v2\/tags?post=88526"}],"curies":[{"name":"wp","href":"https:\/\/api.w.org\/{rel}","templated":true}]}}