{"id":88455,"date":"2022-12-31T07:41:28","date_gmt":"2022-12-31T13:41:28","guid":{"rendered":"https:\/\/nvnoticias.mx\/?p=88455"},"modified":"2022-12-31T07:41:29","modified_gmt":"2022-12-31T13:41:29","slug":"muere-barbara-walters-leyenda-de-la-television-en-eu","status":"publish","type":"post","link":"https:\/\/nvnoticias.mx\/index.php\/2022\/12\/31\/muere-barbara-walters-leyenda-de-la-television-en-eu\/","title":{"rendered":"Muere Barbara Walters, leyenda de la televisi\u00f3n en EU"},"content":{"rendered":"\n<p>La periodista Barbara Walters falleci\u00f3 este viernes a los 93 a\u00f1os de edad, seg\u00fan inform\u00f3 ABC news. Es considerada como pionera del periodismo televisivo femenino.<\/p>\n\n\n\n<p>Walters se incorpor\u00f3 a ABC News en 1976, convirti\u00e9ndose en la primera mujer presentadora de un telediario nocturno, inform\u00f3 la cadena noticiosa. Tres a\u00f1os despu\u00e9s se convirti\u00f3 en copresentadora de &#8220;20\/20&#8221; y en 1997 lanz\u00f3 &#8220;The View&#8221;.<\/p>\n\n\n\n<p>A lo largo de cinco d\u00e9cadas, Walters gan\u00f3 12 premios Emmy, 11 de ellos en ABC News.<\/p>\n\n\n\n<p>Hizo su \u00faltima aparici\u00f3n como copresentadora de &#8220;The View&#8221; en 2014, pero sigui\u00f3 siendo productora ejecutiva del programa y continu\u00f3 haciendo algunas entrevistas y especiales para ABC News.<\/p>\n\n\n\n<blockquote class=\"wp-block-quote is-layout-flow wp-block-quote-is-layout-flow\"><p>&#8220;No quiero aparecer en otro programa ni escalar otra monta\u00f1a&#8221;, dijo entonces, record\u00f3 ABC. &#8220;En lugar de eso, quiero sentarme en un campo soleado y admirar a las mujeres tan dotadas -y vale, tambi\u00e9n a algunos hombres- que ocupar\u00e1n mi lugar&#8221;.<\/p><\/blockquote>\n\n\n\n<p>Pas\u00f3 los \u00faltimos a\u00f1os retirada de la escena p\u00fablica. Amigos se\u00f1alaron que padec\u00eda demencia.<\/p>\n\n\n\n<p>Fuente: <a href=\"https:\/\/www.eluniversal.com.mx\/mundo\/muere-barbara-walters-pionera-del-periodismo-televisivo-femenino\">El Universal<\/a><\/p>\n","protected":false},"excerpt":{"rendered":"<p>La periodista Barbara Walters falleci\u00f3 este viernes a los 93 a\u00f1os de edad, seg\u00fan inform\u00f3 ABC news. Es considerada como pionera del periodismo televisivo femenino. Walters se incorpor\u00f3 a ABC News en 1976, convirti\u00e9ndose en la primera mujer presentadora de un telediario nocturno, inform\u00f3 la cadena noticiosa. Tres a\u00f1os despu\u00e9s se convirti\u00f3 en copresentadora de [&hellip;]<\/p>\n","protected":false},"author":6,"featured_media":88456,"comment_status":"open","ping_status":"open","sticky":false,"template":"","format":"standard","meta":{"_monsterinsights_skip_tracking":false,"_monsterinsights_sitenote_active":false,"_monsterinsights_sitenote_note":"","_monsterinsights_sitenote_category":0,"footnotes":""},"categories":[181],"tags":[22210,183,1064],"class_list":["post-88455","post","type-post","status-publish","format-standard","has-post-thumbnail","hentry","category-internacional","tag-barbara-walters","tag-estados-unidos","tag-television","wp-image-borders"],"amp_enabled":true,"_links":{"self":[{"href":"https:\/\/nvnoticias.mx\/index.php\/wp-json\/wp\/v2\/posts\/88455","targetHints":{"allow":["GET"]}}],"collection":[{"href":"https:\/\/nvnoticias.mx\/index.php\/wp-json\/wp\/v2\/posts"}],"about":[{"href":"https:\/\/nvnoticias.mx\/index.php\/wp-json\/wp\/v2\/types\/post"}],"author":[{"embeddable":true,"href":"https:\/\/nvnoticias.mx\/index.php\/wp-json\/wp\/v2\/users\/6"}],"replies":[{"embeddable":true,"href":"https:\/\/nvnoticias.mx\/index.php\/wp-json\/wp\/v2\/comments?post=88455"}],"version-history":[{"count":1,"href":"https:\/\/nvnoticias.mx\/index.php\/wp-json\/wp\/v2\/posts\/88455\/revisions"}],"predecessor-version":[{"id":88457,"href":"https:\/\/nvnoticias.mx\/index.php\/wp-json\/wp\/v2\/posts\/88455\/revisions\/88457"}],"wp:featuredmedia":[{"embeddable":true,"href":"https:\/\/nvnoticias.mx\/index.php\/wp-json\/wp\/v2\/media\/88456"}],"wp:attachment":[{"href":"https:\/\/nvnoticias.mx\/index.php\/wp-json\/wp\/v2\/media?parent=88455"}],"wp:term":[{"taxonomy":"category","embeddable":true,"href":"https:\/\/nvnoticias.mx\/index.php\/wp-json\/wp\/v2\/categories?post=88455"},{"taxonomy":"post_tag","embeddable":true,"href":"https:\/\/nvnoticias.mx\/index.php\/wp-json\/wp\/v2\/tags?post=88455"}],"curies":[{"name":"wp","href":"https:\/\/api.w.org\/{rel}","templated":true}]}}