{"id":88382,"date":"2022-12-30T11:37:43","date_gmt":"2022-12-30T17:37:43","guid":{"rendered":"https:\/\/nvnoticias.mx\/?p=88382"},"modified":"2022-12-30T11:37:45","modified_gmt":"2022-12-30T17:37:45","slug":"conmebol-declara-duelo-y-homenajes-en-libertadores-y-sudamericana-a-pele","status":"publish","type":"post","link":"https:\/\/nvnoticias.mx\/index.php\/2022\/12\/30\/conmebol-declara-duelo-y-homenajes-en-libertadores-y-sudamericana-a-pele\/","title":{"rendered":"Conmebol declara duelo y homenajes en Libertadores y Sudamericana a Pel\u00e9"},"content":{"rendered":"\n<p>La Confederaci\u00f3n Sudamericana de F\u00fatbol\u00a0(Conmebol) declar\u00f3 cinco d\u00edas de duelo y dispuso que se guarde un minuto de silencio antes del inicio de cada partido de las copas\u00a0Libertadores y Sudamericana 2023, en honor al m\u00edtico\u00a0Edson Arantes do Nascimento &#8216;Pel\u00e9&#8217;, quien falleci\u00f3 a los 82 a\u00f1os.<\/p>\n\n\n\n<p>En una resoluci\u00f3n con fecha 29 de diciembre, el Consejo de la Conmebol se pronunci\u00f3 sobre la muerte de Pel\u00e9, a quien describi\u00f3 como &#8220;el m\u00e1ximo jugador del f\u00fatbol brasile\u00f1o, sudamericano y del mundo&#8221;.<\/p>\n\n\n\n<p>El ente rector del f\u00fatbol suramericano declar\u00f3, en una decisi\u00f3n difundida este viernes, duelo &#8220;desde el jueves 29 de diciembre del a\u00f1o 2022 hasta el martes 3 de enero del a\u00f1o 2023&#8221;.<\/p>\n\n\n\n<p>En atenci\u00f3n al duelo, las banderas de la Conmebol, con sede en la ciudad paraguaya de Luque, se izar\u00e1n a media asta.<\/p>\n\n\n\n<p>Tambi\u00e9n se dispuso un minuto de silencio antes de cada partido &#8220;a jugarse hasta la finalizaci\u00f3n de los octavos de final de la Conmebol Libertadores y de la Conmebol Sudamericana 2023&#8221;.<\/p>\n\n\n\n<p>Adem\u00e1s, el organismo que agrupa a las federaciones de diez pa\u00edses suramericanos exhort\u00f3 a sus miembros a rendir un homenaje a Pel\u00e9.<\/p>\n\n\n\n<p>El astro brasile\u00f1o falleci\u00f3 el jueves en el hospital de Sao Paulo, en el que estaba ingresado desde hac\u00eda un mes por un fallo multiorg\u00e1nico causado por el c\u00e1ncer de colon que le fue diagnosticado en 2021.<\/p>\n\n\n\n<p>El\u00a0velatorio de Pel\u00e9 tendr\u00e1 lugar en el estadio del Santos\u00a0el pr\u00f3ximo lunes y sus restos mortales ser\u00e1n enterrados el martes 3 de enero, inform\u00f3 el club en el que jug\u00f3 la mayor parte de su carrera.<\/p>\n\n\n\n<p>Fuente: <a href=\"https:\/\/www.tudn.com\/futbol\/la-conmebol-declara-duelo-y-homenajes-en-libertadores-y-sudamericana-pele\">TUDN<\/a><\/p>\n","protected":false},"excerpt":{"rendered":"<p>La Confederaci\u00f3n Sudamericana de F\u00fatbol\u00a0(Conmebol) declar\u00f3 cinco d\u00edas de duelo y dispuso que se guarde un minuto de silencio antes del inicio de cada partido de las copas\u00a0Libertadores y Sudamericana 2023, en honor al m\u00edtico\u00a0Edson Arantes do Nascimento &#8216;Pel\u00e9&#8217;, quien falleci\u00f3 a los 82 a\u00f1os. En una resoluci\u00f3n con fecha 29 de diciembre, el Consejo [&hellip;]<\/p>\n","protected":false},"author":8,"featured_media":88383,"comment_status":"open","ping_status":"open","sticky":false,"template":"","format":"standard","meta":{"_monsterinsights_skip_tracking":false,"_monsterinsights_sitenote_active":false,"_monsterinsights_sitenote_note":"","_monsterinsights_sitenote_category":0,"footnotes":""},"categories":[159],"tags":[10270,3704,2262],"class_list":["post-88382","post","type-post","status-publish","format-standard","has-post-thumbnail","hentry","category-deportes","tag-conmebol","tag-homenaje","tag-pele","wp-image-borders"],"amp_enabled":true,"_links":{"self":[{"href":"https:\/\/nvnoticias.mx\/index.php\/wp-json\/wp\/v2\/posts\/88382","targetHints":{"allow":["GET"]}}],"collection":[{"href":"https:\/\/nvnoticias.mx\/index.php\/wp-json\/wp\/v2\/posts"}],"about":[{"href":"https:\/\/nvnoticias.mx\/index.php\/wp-json\/wp\/v2\/types\/post"}],"author":[{"embeddable":true,"href":"https:\/\/nvnoticias.mx\/index.php\/wp-json\/wp\/v2\/users\/8"}],"replies":[{"embeddable":true,"href":"https:\/\/nvnoticias.mx\/index.php\/wp-json\/wp\/v2\/comments?post=88382"}],"version-history":[{"count":1,"href":"https:\/\/nvnoticias.mx\/index.php\/wp-json\/wp\/v2\/posts\/88382\/revisions"}],"predecessor-version":[{"id":88384,"href":"https:\/\/nvnoticias.mx\/index.php\/wp-json\/wp\/v2\/posts\/88382\/revisions\/88384"}],"wp:featuredmedia":[{"embeddable":true,"href":"https:\/\/nvnoticias.mx\/index.php\/wp-json\/wp\/v2\/media\/88383"}],"wp:attachment":[{"href":"https:\/\/nvnoticias.mx\/index.php\/wp-json\/wp\/v2\/media?parent=88382"}],"wp:term":[{"taxonomy":"category","embeddable":true,"href":"https:\/\/nvnoticias.mx\/index.php\/wp-json\/wp\/v2\/categories?post=88382"},{"taxonomy":"post_tag","embeddable":true,"href":"https:\/\/nvnoticias.mx\/index.php\/wp-json\/wp\/v2\/tags?post=88382"}],"curies":[{"name":"wp","href":"https:\/\/api.w.org\/{rel}","templated":true}]}}