{"id":88298,"date":"2022-12-29T14:12:04","date_gmt":"2022-12-29T20:12:04","guid":{"rendered":"https:\/\/nvnoticias.mx\/?p=88298"},"modified":"2022-12-29T14:12:05","modified_gmt":"2022-12-29T20:12:05","slug":"jugadores-y-equipos-de-futbol-se-despiden-de-pele","status":"publish","type":"post","link":"https:\/\/nvnoticias.mx\/index.php\/2022\/12\/29\/jugadores-y-equipos-de-futbol-se-despiden-de-pele\/","title":{"rendered":"Jugadores y equipos de futbol se despiden de Pel\u00e9"},"content":{"rendered":"\n<p>Despu\u00e9s de que la hija de\u00a0Pel\u00e9\u00a0confirmar\u00e1 la\u00a0muerte del exfutbolista brasile\u00f1o\u00a0en su cuenta de Instagram con un mensaje de agradecimiento, los medios y futbolistas de todo el mundo enviaron condolencias y recordaron a uno de los futbolistas m\u00e1s importantes en la historia del deporte.<\/p>\n\n\n\n<p>La noticia se dio a conocer en la cuenta oficial de Twitter de Pel\u00e9\u00a0en donde comparti\u00f3 un mensaje a todos los seguidores del deporte.<\/p>\n\n\n\n<p>La cuenta del Futbol Club Barcelona comparti\u00f3 el siguiente mensaje en sus redes sociales: \u201cEl Bar\u00e7a lamenta profundamente la muerte del &#8220;Rei&#8221;\u00a0Pel\u00e9, uno de los mejores jugadores de todos los tiempos. Con \u00e9l, el f\u00fatbol se hizo m\u00e1s grande. Descanse en paz\u201d.<\/p>\n\n\n\n<p>La Federaci\u00f3n Colombiana de futbol comparti\u00f3 un mensaje a los seguidores brasile\u00f1os y lament\u00f3 lo sucedido.<\/p>\n\n\n\n<p>Adem\u00e1s, el club Santos FC en cual debut\u00f3 y milit\u00f3 gran parte de su carrera comparti\u00f3 la fotograf\u00eda de una corona con la palabra: \u201ceterno\u201d.<\/p>\n\n\n\n<figure class=\"wp-block-embed aligncenter is-type-rich is-provider-twitter wp-block-embed-twitter\"><div class=\"wp-block-embed__wrapper\">\n<blockquote class=\"twitter-tweet\" data-width=\"550\" data-dnt=\"true\"><p lang=\"tl\" dir=\"ltr\">Eterno. <a href=\"https:\/\/t.co\/N912VpCmVK\">pic.twitter.com\/N912VpCmVK<\/a><\/p>&mdash; Santos FC (@SantosFC) <a href=\"https:\/\/twitter.com\/SantosFC\/status\/1608539848981315584?ref_src=twsrc%5Etfw\">December 29, 2022<\/a><\/blockquote><script async src=\"https:\/\/platform.twitter.com\/widgets.js\" charset=\"utf-8\"><\/script>\n<\/div><\/figure>\n\n\n\n<p>De igual forma, Kylian Mabpp\u00e9 futbolista franc\u00e9s con quien el jugador se mantuvo en contacto durante el mundial mostr\u00f3 sus condolencias.<\/p>\n\n\n\n<blockquote class=\"wp-block-quote is-layout-flow wp-block-quote-is-layout-flow\"><p><em>\u201cEl rey del futbol nos ha dejado, pero su legado nunca ser\u00e1 olvidado<\/em>\u201d, escribi\u00f3 en su twitter.<\/p><\/blockquote>\n\n\n\n<figure class=\"wp-block-embed aligncenter is-type-rich is-provider-twitter wp-block-embed-twitter\"><div class=\"wp-block-embed__wrapper\">\n<blockquote class=\"twitter-tweet\" data-width=\"550\" data-dnt=\"true\"><p lang=\"en\" dir=\"ltr\">The king of football has left us but his legacy will never be forgotten. <br>RIP KING ????????\u2026 <a href=\"https:\/\/t.co\/F55PrcM2Ud\">pic.twitter.com\/F55PrcM2Ud<\/a><\/p>&mdash; Kylian Mbapp\u00e9 (@KMbappe) <a href=\"https:\/\/twitter.com\/KMbappe\/status\/1608544190228750342?ref_src=twsrc%5Etfw\">December 29, 2022<\/a><\/blockquote><script async src=\"https:\/\/platform.twitter.com\/widgets.js\" charset=\"utf-8\"><\/script>\n<\/div><\/figure>\n\n\n\n<p>Fuente: <a href=\"https:\/\/www.tudn.com\/futbol\/pele-despedido-por-futbolistas-equipos-de-futbol\">TUDN<\/a><\/p>\n","protected":false},"excerpt":{"rendered":"<p>Despu\u00e9s de que la hija de\u00a0Pel\u00e9\u00a0confirmar\u00e1 la\u00a0muerte del exfutbolista brasile\u00f1o\u00a0en su cuenta de Instagram con un mensaje de agradecimiento, los medios y futbolistas de todo el mundo enviaron condolencias y recordaron a uno de los futbolistas m\u00e1s importantes en la historia del deporte. La noticia se dio a conocer en la cuenta oficial de Twitter [&hellip;]<\/p>\n","protected":false},"author":8,"featured_media":88301,"comment_status":"open","ping_status":"open","sticky":false,"template":"","format":"standard","meta":{"_monsterinsights_skip_tracking":false,"_monsterinsights_sitenote_active":false,"_monsterinsights_sitenote_note":"","_monsterinsights_sitenote_category":0,"footnotes":""},"categories":[159],"tags":[5448,3828,3669,2262],"class_list":["post-88298","post","type-post","status-publish","format-standard","has-post-thumbnail","hentry","category-deportes","tag-despedida","tag-equipos","tag-jugadores","tag-pele","wp-image-borders"],"amp_enabled":true,"_links":{"self":[{"href":"https:\/\/nvnoticias.mx\/index.php\/wp-json\/wp\/v2\/posts\/88298","targetHints":{"allow":["GET"]}}],"collection":[{"href":"https:\/\/nvnoticias.mx\/index.php\/wp-json\/wp\/v2\/posts"}],"about":[{"href":"https:\/\/nvnoticias.mx\/index.php\/wp-json\/wp\/v2\/types\/post"}],"author":[{"embeddable":true,"href":"https:\/\/nvnoticias.mx\/index.php\/wp-json\/wp\/v2\/users\/8"}],"replies":[{"embeddable":true,"href":"https:\/\/nvnoticias.mx\/index.php\/wp-json\/wp\/v2\/comments?post=88298"}],"version-history":[{"count":1,"href":"https:\/\/nvnoticias.mx\/index.php\/wp-json\/wp\/v2\/posts\/88298\/revisions"}],"predecessor-version":[{"id":88302,"href":"https:\/\/nvnoticias.mx\/index.php\/wp-json\/wp\/v2\/posts\/88298\/revisions\/88302"}],"wp:featuredmedia":[{"embeddable":true,"href":"https:\/\/nvnoticias.mx\/index.php\/wp-json\/wp\/v2\/media\/88301"}],"wp:attachment":[{"href":"https:\/\/nvnoticias.mx\/index.php\/wp-json\/wp\/v2\/media?parent=88298"}],"wp:term":[{"taxonomy":"category","embeddable":true,"href":"https:\/\/nvnoticias.mx\/index.php\/wp-json\/wp\/v2\/categories?post=88298"},{"taxonomy":"post_tag","embeddable":true,"href":"https:\/\/nvnoticias.mx\/index.php\/wp-json\/wp\/v2\/tags?post=88298"}],"curies":[{"name":"wp","href":"https:\/\/api.w.org\/{rel}","templated":true}]}}