{"id":88248,"date":"2022-12-29T12:09:28","date_gmt":"2022-12-29T18:09:28","guid":{"rendered":"https:\/\/nvnoticias.mx\/?p=88248"},"modified":"2022-12-29T12:09:30","modified_gmt":"2022-12-29T18:09:30","slug":"guillermo-ochoa-es-presentado-con-el-salernitana-deseo-continuar-a-un-alto-nivel-y-jugar-el-proximo-mundial","status":"publish","type":"post","link":"https:\/\/nvnoticias.mx\/index.php\/2022\/12\/29\/guillermo-ochoa-es-presentado-con-el-salernitana-deseo-continuar-a-un-alto-nivel-y-jugar-el-proximo-mundial\/","title":{"rendered":"Guillermo Ochoa es presentado con el Salernitana: &#8220;Deseo continuar a un alto nivel y jugar el pr\u00f3ximo Mundial&#8221;"},"content":{"rendered":"\n<p>El portero mexicano\u00a0Guillermo Ochoa\u00a0fue presentado en conferencia de prensa\u00a0como el nuevo jugador del conjunto de Salernitana de la Serie A\u00a0luego de su paso por el Mundial Qatar 2022 con la Selecci\u00f3n Mexicana y tras dejar las filas del Am\u00e9rica y dijo que pelea por un lugar en el\u00a0Mundial 2026.<\/p>\n\n\n\n<p>El futbolista mexicano recalc\u00f3 lo complicado que es para un portero del continente americano llegar a las ligas de Europa y declar\u00f3 que su objetivo es llegar al\u00a0pr\u00f3ximo Mundial que se jugar\u00e1 en Estados Unidos, M\u00e9xico y Canad\u00e1 en 2026.<\/p>\n\n\n\n<blockquote class=\"wp-block-quote is-layout-flow wp-block-quote-is-layout-flow\"><p>\u201c<em>Mantengo la ilusi\u00f3n y deseo de continuar a un alto nivel y poder jugar el pr\u00f3ximo Mundial que se juega en M\u00e9xico y poder terminar mi carrera con ese Mundial\u201d<\/em>, dijo Memo Ochoa en conferencia de prensa de este jueves durante su presentaci\u00f3n con el Salernitana con miras a su sexta Copa del Mundo de la FIFA.<\/p><\/blockquote>\n\n\n\n<p>Ochoa tuvo la posibilidad de llegar a Europa con el pasaporte europeo,\u00a0ya que cuenta con el documento por parte Espa\u00f1a.<\/p>\n\n\n\n<p>El mexicano asegur\u00f3 que lleg\u00f3 al Calcio de la Serie A con un contrato de seis meses con la opci\u00f3n de continuar un a\u00f1o m\u00e1s.<\/p>\n\n\n\n<p>El arquero destac\u00f3 el trabajo de Morgan de Sanctis, director deportivo del Salernitana y reconoci\u00f3 que fue muy directo con \u00e9l sobre las necesidades que tiene el equipo y lo que necesitan de \u00e9l.<\/p>\n\n\n\n<p>El Salernitana tendr\u00e1 su primer partido despu\u00e9s del par\u00f3n de invierno el pr\u00f3ximo mi\u00e9rcoles 4 de enero frente al AC Milan, donde Memo Ochoa pudiera tener la oportunidad de debutar en el Calcio.<\/p>\n\n\n\n<p>Fuente: <a href=\"https:\/\/www.tudn.com\/futbol\/serie-a\/salernitana-presento-guillermo-ochoa-para-segunda-mitad-de-serie-a\">TUDN<\/a><\/p>\n","protected":false},"excerpt":{"rendered":"<p>El portero mexicano\u00a0Guillermo Ochoa\u00a0fue presentado en conferencia de prensa\u00a0como el nuevo jugador del conjunto de Salernitana de la Serie A\u00a0luego de su paso por el Mundial Qatar 2022 con la Selecci\u00f3n Mexicana y tras dejar las filas del Am\u00e9rica y dijo que pelea por un lugar en el\u00a0Mundial 2026. El futbolista mexicano recalc\u00f3 lo complicado [&hellip;]<\/p>\n","protected":false},"author":8,"featured_media":88250,"comment_status":"open","ping_status":"open","sticky":false,"template":"","format":"standard","meta":{"_monsterinsights_skip_tracking":false,"_monsterinsights_sitenote_active":false,"_monsterinsights_sitenote_note":"","_monsterinsights_sitenote_category":0,"footnotes":""},"categories":[159],"tags":[632,21994,8736],"class_list":["post-88248","post","type-post","status-publish","format-standard","has-post-thumbnail","hentry","category-deportes","tag-guillermo-ochoa","tag-salernitana","tag-serie-a","wp-image-borders"],"amp_enabled":true,"_links":{"self":[{"href":"https:\/\/nvnoticias.mx\/index.php\/wp-json\/wp\/v2\/posts\/88248","targetHints":{"allow":["GET"]}}],"collection":[{"href":"https:\/\/nvnoticias.mx\/index.php\/wp-json\/wp\/v2\/posts"}],"about":[{"href":"https:\/\/nvnoticias.mx\/index.php\/wp-json\/wp\/v2\/types\/post"}],"author":[{"embeddable":true,"href":"https:\/\/nvnoticias.mx\/index.php\/wp-json\/wp\/v2\/users\/8"}],"replies":[{"embeddable":true,"href":"https:\/\/nvnoticias.mx\/index.php\/wp-json\/wp\/v2\/comments?post=88248"}],"version-history":[{"count":1,"href":"https:\/\/nvnoticias.mx\/index.php\/wp-json\/wp\/v2\/posts\/88248\/revisions"}],"predecessor-version":[{"id":88251,"href":"https:\/\/nvnoticias.mx\/index.php\/wp-json\/wp\/v2\/posts\/88248\/revisions\/88251"}],"wp:featuredmedia":[{"embeddable":true,"href":"https:\/\/nvnoticias.mx\/index.php\/wp-json\/wp\/v2\/media\/88250"}],"wp:attachment":[{"href":"https:\/\/nvnoticias.mx\/index.php\/wp-json\/wp\/v2\/media?parent=88248"}],"wp:term":[{"taxonomy":"category","embeddable":true,"href":"https:\/\/nvnoticias.mx\/index.php\/wp-json\/wp\/v2\/categories?post=88248"},{"taxonomy":"post_tag","embeddable":true,"href":"https:\/\/nvnoticias.mx\/index.php\/wp-json\/wp\/v2\/tags?post=88248"}],"curies":[{"name":"wp","href":"https:\/\/api.w.org\/{rel}","templated":true}]}}