{"id":88153,"date":"2022-12-28T12:37:40","date_gmt":"2022-12-28T18:37:40","guid":{"rendered":"https:\/\/nvnoticias.mx\/?p=88153"},"modified":"2022-12-28T12:37:40","modified_gmt":"2022-12-28T18:37:40","slug":"el-lunes-comienza-el-cobro-del-predial-en-boca-del-rio","status":"publish","type":"post","link":"https:\/\/nvnoticias.mx\/index.php\/2022\/12\/28\/el-lunes-comienza-el-cobro-del-predial-en-boca-del-rio\/","title":{"rendered":"El lunes comienza el cobro del predial en Boca del R\u00edo"},"content":{"rendered":"\n<p><strong>Jes\u00fas Utrilla \/ NV Noticias<\/strong><\/p>\n\n\n\n<p>El alcalde de Boca del R\u00edo Juan Manuel de Unanue Abascal inaugur\u00f3 el Parque Naval en la colonia Ampliaci\u00f3n Miguel Alem\u00e1n.<\/p>\n\n\n\n<p>Se\u00f1al\u00f3 que el lunes inicia el cobro del predial y que se encuentra todo listo para el operativo nuevo amanecer.<\/p>\n\n\n\n<p>Sobre las obras mencion\u00f3 que este a\u00f1o se ejercieron 112 millones de pesos, adem\u00e1s faltan obras por inaugurar, incluso a inicios de enero entregar\u00e1 dos trabajos en la colonia Carranza.<\/p>\n\n\n\n<p>Por otro lado coment\u00f3 que el lunes inicia el cobro del impuesto predial. Son cinco m\u00f3dulos y habr\u00e1 descuentos durante enero del 20 y 50 por ciento.<\/p>\n\n\n\n<p>Asimismo asever\u00f3 que se en entra listo el operativo amanecer para el 31 de diciembre a fin que las personas acudan en orden a ver el primer amanecer del a\u00f1o.<\/p>\n\n\n\n<p>En el Parque Naval de la colonia Ampliaci\u00f3n Miguel Alem\u00e1n se invirtieron 3.5 millones de pesos.<\/p>\n","protected":false},"excerpt":{"rendered":"<p>Jes\u00fas Utrilla \/ NV Noticias El alcalde de Boca del R\u00edo Juan Manuel de Unanue Abascal inaugur\u00f3 el Parque Naval en la colonia Ampliaci\u00f3n Miguel Alem\u00e1n. Se\u00f1al\u00f3 que el lunes inicia el cobro del predial y que se encuentra todo listo para el operativo nuevo amanecer. Sobre las obras mencion\u00f3 que este a\u00f1o se ejercieron [&hellip;]<\/p>\n","protected":false},"author":8,"featured_media":88154,"comment_status":"open","ping_status":"open","sticky":false,"template":"","format":"standard","meta":{"_monsterinsights_skip_tracking":false,"_monsterinsights_sitenote_active":false,"_monsterinsights_sitenote_note":"","_monsterinsights_sitenote_category":0,"footnotes":""},"categories":[154],"tags":[423,1268],"class_list":["post-88153","post","type-post","status-publish","format-standard","has-post-thumbnail","hentry","category-veracruz","tag-boca-del-rio","tag-predial","wp-image-borders"],"amp_enabled":true,"_links":{"self":[{"href":"https:\/\/nvnoticias.mx\/index.php\/wp-json\/wp\/v2\/posts\/88153","targetHints":{"allow":["GET"]}}],"collection":[{"href":"https:\/\/nvnoticias.mx\/index.php\/wp-json\/wp\/v2\/posts"}],"about":[{"href":"https:\/\/nvnoticias.mx\/index.php\/wp-json\/wp\/v2\/types\/post"}],"author":[{"embeddable":true,"href":"https:\/\/nvnoticias.mx\/index.php\/wp-json\/wp\/v2\/users\/8"}],"replies":[{"embeddable":true,"href":"https:\/\/nvnoticias.mx\/index.php\/wp-json\/wp\/v2\/comments?post=88153"}],"version-history":[{"count":1,"href":"https:\/\/nvnoticias.mx\/index.php\/wp-json\/wp\/v2\/posts\/88153\/revisions"}],"predecessor-version":[{"id":88155,"href":"https:\/\/nvnoticias.mx\/index.php\/wp-json\/wp\/v2\/posts\/88153\/revisions\/88155"}],"wp:featuredmedia":[{"embeddable":true,"href":"https:\/\/nvnoticias.mx\/index.php\/wp-json\/wp\/v2\/media\/88154"}],"wp:attachment":[{"href":"https:\/\/nvnoticias.mx\/index.php\/wp-json\/wp\/v2\/media?parent=88153"}],"wp:term":[{"taxonomy":"category","embeddable":true,"href":"https:\/\/nvnoticias.mx\/index.php\/wp-json\/wp\/v2\/categories?post=88153"},{"taxonomy":"post_tag","embeddable":true,"href":"https:\/\/nvnoticias.mx\/index.php\/wp-json\/wp\/v2\/tags?post=88153"}],"curies":[{"name":"wp","href":"https:\/\/api.w.org\/{rel}","templated":true}]}}