{"id":8799,"date":"2021-03-24T11:35:20","date_gmt":"2021-03-24T17:35:20","guid":{"rendered":"https:\/\/nvnoticias.mx\/?p=8799"},"modified":"2021-03-24T11:35:22","modified_gmt":"2021-03-24T17:35:22","slug":"urge-reforzamiento-de-seguridad-en-carreteras","status":"publish","type":"post","link":"https:\/\/nvnoticias.mx\/index.php\/2021\/03\/24\/urge-reforzamiento-de-seguridad-en-carreteras\/","title":{"rendered":"Urge reforzamiento de seguridad en carreteras"},"content":{"rendered":"\n<p><strong>Jes\u00fas Utrilla \/ NV Noticias<\/strong><\/p>\n\n\n\n<p>Veracruz.- Los operadores del transporte de carga son asesinados en asaltos o lesionados de gravedad, denunci\u00f3 Tiburcio T\u00e9llez Jer\u00f3nimo, delegado de la AMOTAC en Veracruz.<\/p>\n\n\n\n<p>Dijo que contin\u00faan los robos al autotransporte&nbsp; y con ello los riesgos para los choferes.<\/p>\n\n\n\n<p>Por ello urgi\u00f3 el reforzamiento de la vigilancia en las diferentes carreteras del pa\u00eds.<\/p>\n\n\n\n<p>Agreg\u00f3 que los asaltos se dan por igual en distintas v\u00edas de comunicaci\u00f3n y es necesario mejorar la estrategia.<\/p>\n\n\n\n<p>Agreg\u00f3 que no solo pierden los camiones o la mercanc\u00eda sino que en ocasiones la vida, ya que los maleantes golpean dr\u00e1sticamente a los operadores, los tiran en caminos lejanos y en ocasiones los asesinan.<\/p>\n\n\n\n<blockquote class=\"wp-block-quote is-layout-flow wp-block-quote-is-layout-flow\"><p>\u201cEn todos lados hay robos, por ejemplo a un compa\u00f1ero de nosotros le quitaron su tr\u00e1iler y lo bajaron a la fuerza. El hombre se qued\u00f3 sin carro. Desgraciadamente no tenemos la estad\u00edstica pero todos los d\u00edas hay robos\u201d.<\/p><\/blockquote>\n\n\n\n<p>Por otro lado dijo que al menos 70 por ciento de los camiones pertenecientes a la AMOTAC se encuentran detenidos a nivel nacional y Veracruz no es la excepci\u00f3n.<\/p>\n\n\n\n<p>Y es que a ra\u00edz de la emergencia sanitaria del coronavirus disminuy\u00f3 el movimiento de mercanc\u00edas.<\/p>\n\n\n\n<p>Agreg\u00f3 que es indispensable que el gobierno otorgue apoyos a los transportistas ya que llevan varios meses con par\u00e1lisis econ\u00f3mica.<\/p>\n","protected":false},"excerpt":{"rendered":"<p>Jes\u00fas Utrilla \/ NV Noticias Veracruz.- Los operadores del transporte de carga son asesinados en asaltos o lesionados de gravedad, denunci\u00f3 Tiburcio T\u00e9llez Jer\u00f3nimo, delegado de la AMOTAC en Veracruz. Dijo que contin\u00faan los robos al autotransporte&nbsp; y con ello los riesgos para los choferes. Por ello urgi\u00f3 el reforzamiento de la vigilancia en las [&hellip;]<\/p>\n","protected":false},"author":6,"featured_media":8800,"comment_status":"open","ping_status":"open","sticky":false,"template":"","format":"standard","meta":{"_monsterinsights_skip_tracking":false,"_monsterinsights_sitenote_active":false,"_monsterinsights_sitenote_note":"","_monsterinsights_sitenote_category":0,"footnotes":""},"categories":[154],"tags":[1824,840,805],"class_list":["post-8799","post","type-post","status-publish","format-standard","has-post-thumbnail","hentry","category-veracruz","tag-amotac","tag-carreteras","tag-seguridad","wp-image-borders"],"amp_enabled":true,"_links":{"self":[{"href":"https:\/\/nvnoticias.mx\/index.php\/wp-json\/wp\/v2\/posts\/8799","targetHints":{"allow":["GET"]}}],"collection":[{"href":"https:\/\/nvnoticias.mx\/index.php\/wp-json\/wp\/v2\/posts"}],"about":[{"href":"https:\/\/nvnoticias.mx\/index.php\/wp-json\/wp\/v2\/types\/post"}],"author":[{"embeddable":true,"href":"https:\/\/nvnoticias.mx\/index.php\/wp-json\/wp\/v2\/users\/6"}],"replies":[{"embeddable":true,"href":"https:\/\/nvnoticias.mx\/index.php\/wp-json\/wp\/v2\/comments?post=8799"}],"version-history":[{"count":1,"href":"https:\/\/nvnoticias.mx\/index.php\/wp-json\/wp\/v2\/posts\/8799\/revisions"}],"predecessor-version":[{"id":8801,"href":"https:\/\/nvnoticias.mx\/index.php\/wp-json\/wp\/v2\/posts\/8799\/revisions\/8801"}],"wp:featuredmedia":[{"embeddable":true,"href":"https:\/\/nvnoticias.mx\/index.php\/wp-json\/wp\/v2\/media\/8800"}],"wp:attachment":[{"href":"https:\/\/nvnoticias.mx\/index.php\/wp-json\/wp\/v2\/media?parent=8799"}],"wp:term":[{"taxonomy":"category","embeddable":true,"href":"https:\/\/nvnoticias.mx\/index.php\/wp-json\/wp\/v2\/categories?post=8799"},{"taxonomy":"post_tag","embeddable":true,"href":"https:\/\/nvnoticias.mx\/index.php\/wp-json\/wp\/v2\/tags?post=8799"}],"curies":[{"name":"wp","href":"https:\/\/api.w.org\/{rel}","templated":true}]}}