{"id":87910,"date":"2022-12-26T16:04:28","date_gmt":"2022-12-26T22:04:28","guid":{"rendered":"https:\/\/nvnoticias.mx\/?p=87910"},"modified":"2022-12-26T16:04:29","modified_gmt":"2022-12-26T22:04:29","slug":"una-nueva-historia-de-plagio","status":"publish","type":"post","link":"https:\/\/nvnoticias.mx\/index.php\/2022\/12\/26\/una-nueva-historia-de-plagio\/","title":{"rendered":"Una nueva historia de plagio"},"content":{"rendered":"\n<p><strong>Ricardo Homs<\/strong><\/p>\n\n\n\n<p>El nuevo esc\u00e1ndalo de plagio no tiene precedentes, -pues de comprobarse-, pone en entredicho la autoridad moral de la ministra de la\u00a0SCJN,\u00a0Yasm\u00edn Esquivel Mossa, para cumplir con sus atribuciones y responsabilidades como garante de la constitucionalidad en nuestro pa\u00eds.<\/p>\n\n\n\n<p>La noticia detonada por el intelectual y acad\u00e9mico\u00a0Guillermo Sheridan\u00a0puso al descubierto un muy probable caso de plagio de la tesis de licenciatura de la ministra de la SCJN, con la que ella se titul\u00f3 como abogada en 1987, texto que parece ser copia fiel de la tesis presentada un a\u00f1o antes por Edgar Ulises B\u00e1ez Guti\u00e9rrez en la Facultad de Derecho de la\u00a0UNAM\u00a0, as\u00ed como por otros dos alumnos m\u00e1s, que presumiblemente con el mismo texto se titularon posteriormente.<\/p>\n\n\n\n<p>Debe ser la UNAM quien ofrezca el veredicto definitivo, aunque los documentos exhibidos p\u00fablicamente, -tanto el de la ministra como el del abogado B\u00e1ez-, parecen ser id\u00e9nticos.<\/p>\n\n\n\n<p>Este caso en particular tiene varios aspectos relevantes que considerar.<\/p>\n\n\n\n<p>Primeramente, que la ministra es una de las candidatas para suceder en la presidencia de la\u00a0SCJN al ministro Zald\u00edvar,\u00a0con altas posibilidades de lograrlo con base en el apoyo que ella tiene del presidente L\u00f3pez Obrador.<\/p>\n\n\n\n<p>A su vez, esto se complica a\u00fan m\u00e1s porque ambas tesis fueron dirigidas por la misma acad\u00e9mica,\u00a0Martha Rodr\u00edguez Ortiz,\u00a0con diferencia de un a\u00f1o entre una y otra y presumiblemente se menciona que podr\u00eda haber otras tres tesis id\u00e9nticas, lo cual podr\u00eda constituir, -seg\u00fan Sheridan-, un caso de corrupci\u00f3n, que involucra a la acad\u00e9mica que dirigi\u00f3 ambos trabajos.<\/p>\n\n\n\n<p>Otro aspecto importante es que existe el antecedente de que cuando se cuestion\u00f3 el plagio parcial de la tesis de licenciatura del presidente Pe\u00f1a Nieto, varios destacados l\u00edderes de la Cuarta Transformaci\u00f3n, -entre ellos la senadora y hoy secretaria general de\u00a0MORENA, Citlali Hern\u00e1ndez-, lanzaron fuertes cr\u00edticas, como la expresada el 24 de agosto de 2016 por Citlali, secundada por varios destacados morenistas, entre ellos Antonio Attolini y Jos\u00e9 Merino.<\/p>\n\n\n\n<p>Sin embargo, todos ellos se han tomado su tiempo y hasta el momento de redactarse este art\u00edculo de opini\u00f3n, se mantienen a\u00fan sin manifestarse en este caso que ata\u00f1e directamente a la hasta hoy ministra de la SCJN.<\/p>\n\n\n\n<p>Esto a su vez, termin\u00f3 siendo aderezado por el presidente\u00a0L\u00f3pez Obrador\u00a0en su ma\u00f1anera del viernes 23 de diciembre, al declarar que la definici\u00f3n de su culpabilidad o inocencia debe aportarla la UNAM, instituci\u00f3n que otorg\u00f3 el t\u00edtulo universitario hoy cuestionado.<\/p>\n\n\n\n<p>Sin embargo, -fiel a su estilo-, el presidente no desaprovech\u00f3 la oportunidad de lanzar una cortina de humo, desviando la atenci\u00f3n de este caso, al enfilar sus dardos envenenados hacia\u00a0Enrique Krauze y Guillermo Sheridan, culp\u00e1ndolos del saqueo de las arcas nacionales, lo cual se ha convertido en conducta previsible cuando un asunto lo toma por sorpresa, le afecta y no tiene como defenderlo.<\/p>\n\n\n\n<p>Sin embargo, este esc\u00e1ndalo medi\u00e1tico nos refiere una vez m\u00e1s a este rasgo muy propio de nuestra idiosincrasia nacional, que minimiza el plagio de obras intelectuales, igual que el manoseo de los derechos de artistas y creadores e incluso, de obras del \u00e1mbito industrial. Este es un pa\u00eds donde la pirater\u00eda es tolerada pues no se considera delito apropiarse de un intangible.<\/p>\n\n\n\n<p>Mientras en todo el mundo se valora con respeto el trabajo intelectual, en nuestro pa\u00eds se minimizan los derechos de propiedad y por tanto, este se considera un bien de dominio colectivo, que puede ser manoseado por todos.<\/p>\n\n\n\n<p>De este modo vemos como florece la pirater\u00eda de libros, de pel\u00edculas, as\u00ed como de m\u00fasica, sin que la autoridad correspondiente intente realizar acciones contundentes para proteger los derechos de los creadores.<\/p>\n\n\n\n<p>\u00bfQu\u00e9 suceder\u00e1 en este caso espec\u00edfico que afecta desde muchos \u00e1mbitos los intereses de la 4T?<\/p>\n\n\n\n<p>Su impacto es algo impredecible, pues para las autoridades gubernamentales pareciera tratarse de una falta menor, de tipo acad\u00e9mico o incluso escolar, equivalente a copiar al vecino durante un examen.<\/p>\n\n\n\n<p>Sin embargo, -desde un punto de vista \u00e9tico-, impacta la credibilidad de quien tiene la facultad de dictaminar los conflictos m\u00e1s importantes de este pa\u00eds, desde la visi\u00f3n jur\u00eddica de la constitucionalidad.<\/p>\n\n\n\n<p>Primeramente, debemos esperar la resoluci\u00f3n de las autoridades acad\u00e9micas de la\u00a0UNAM. Sin embargo, si se consumase como ver\u00eddica la que hoy es una presunci\u00f3n de plagio, tendr\u00eda que serle retirado el grado de licenciatura por la universidad que lo avala y al carecer de este requisito fundamental para permanecer en la\u00a0SCJN, ella debiese renunciar al cargo, con gran descr\u00e9dito.<\/p>\n\n\n\n<p>Si ella est\u00e1 segura de ser la autora de la obra primigenia de este requisito acad\u00e9mico, tiene el derecho a defender su posici\u00f3n y entonces los que se titularon con textos parecidos estar\u00edan emproblemados, pero la posici\u00f3n de ella se ver\u00eda fortalecida.<\/p>\n\n\n\n<p>Sin embargo, si se comprueba el plagio, -despu\u00e9s de la defensa que ella ha hecho de la originalidad de su obra-, no tendr\u00eda disculpa y estar\u00eda sujeta a las sanciones que procedan, tanto acad\u00e9micas como jur\u00eddicas y su carrera profesional en la impartici\u00f3n de justicia estar\u00eda finiquitada.<\/p>\n\n\n\n<p>Sin embargo, la duda que queda en el aire es: si el plagio se consuma a partir del dictamen de las autoridades acad\u00e9micas\u2026 \u00bfhasta d\u00f3nde ser\u00eda capaz de meter las manos por ella, el\u00a0presidente L\u00f3pez Obrador?<\/p>\n\n\n\n<p>Independientemente del aprecio y simpat\u00eda que nuestro presidente pueda sentir por ella, est\u00e1 el antecedente de la amistad que desde hace muchos a\u00f1os le une con el esposo de la ministra, el empresario de la construcci\u00f3n, el ingeniero\u00a0Jos\u00e9 Mar\u00eda Riob\u00f3o.<\/p>\n\n\n\n<h4 class=\"wp-block-heading\">EL PEOR PATR\u00d3N<\/h4>\n\n\n\n<p>Los gobiernos en M\u00e9xico son p\u00e9simos patrones y ello les resta autoridad moral para exigir a las empresas del sector privado el cumplimiento de sus responsabilidades laborales.<\/p>\n\n\n\n<p>El ejemplo que deben proyectar las instituciones gubernamentales respetando los derechos aborales de sus trabajadores debe ser el principal sustento de la autoridad moral del Estado Mexicano en este \u00e1mbito.<br>Hoy han acaparado la atenci\u00f3n de los medios de comunicaci\u00f3n las protestas de los m\u00e9dicos residentes de los hospitales de\u00a0PEMEX, quienes no han recibido el aguinaldo correspondiente, sino una gratificaci\u00f3n m\u00ednima, que resulta ofensiva.<\/p>\n\n\n\n<p>No es un problema nuevo que los derechos laborales de los trabajadores al servicio del Estado Mexicano sean pisoteados, pero s\u00ed que, en el contexto de un gobierno humanista, -como se ha definido la\u00a04T\u00a0a s\u00ed misma-, tampoco se respeten.<\/p>\n\n\n\n<p>Desde el inicio de esta administraci\u00f3n vimos que con el objetivo de generar ahorros muchos trabajadores del sector p\u00fablico fueron despedidos sin cubrir los par\u00e1metros legales de una liquidaci\u00f3n justa.<\/p>\n\n\n\n<p>En este gobierno vemos una gran incongruencia: una gran generosidad para con los beneficiarios de los programas de asistencia social, pero en contraste una impresionante insensibilidad para respetar los derechos de la\u00a0burocracia, as\u00ed como de todos los que participan en el sector productivo.<\/p>\n\n\n\n<p>Es incomprensible que los derechos de la gente de casa, trabajadores del estado-, est\u00e9n por debajo de los beneficiarios de la seguridad social.<\/p>\n\n\n\n<p>Sin embargo, cada vez es m\u00e1s evidente que la generosidad exhibida en los programas de seguridad social llevan un fin: generar una vinculaci\u00f3n de agradecimiento entre los beneficiarios de estos programas y el gobierno que otorga estos beneficios. Evidentemente el objetivo final es capitalizar ese agradecimiento en votos, durante las elecciones.<\/p>\n\n\n\n<h4 class=\"wp-block-heading\">QU\u00c9 NECESIDAD<\/h4>\n\n\n\n<p>Nadie le ha explicado al presidente L\u00f3pez Obrador que sus opiniones personales, privadas, \u00edntimas, no deben ser externadas p\u00fablicamente, pues ante la comunidad internacional se convierten en una postura\u00a0pol\u00edtica del Estado Mexicano.<\/p>\n\n\n\n<p>Su expresi\u00f3n cr\u00edtica respecto a \u201clos moditos\u201d del presidente Biden al dar la bienvenida a Am\u00e9rica al presidente\u00a0Zelensky, -de Ucrania-, revela falta de sensibilidad diplom\u00e1tica.<\/p>\n\n\n\n<p>Los norteamericanos al referirse coloquialmente a su propio pa\u00eds lo nombran Am\u00e9rica, no obstante que este sea el nombre de todo el continente. De este modo el eslogan de campa\u00f1a de\u00a0Donald Trump\u00a0siempre fue \u201cWill make America great again\u201d.<\/p>\n\n\n\n<p>Seguramente el presidente L\u00f3pez Obrador no se dio cuenta que Donald Trump hab\u00eda tomado este concepto mucho antes.<\/p>\n\n\n\n<p>El caso de nuestra relaci\u00f3n con Per\u00fa es todav\u00eda m\u00e1s lamentable pues ya concluy\u00f3 con la vergonzosa expulsi\u00f3n de nuestro embajador en ese pa\u00eds por la intromisi\u00f3n directa de nuestro presidente, calificando de ilegal al actual gobierno de la presidenta Dina Boluarte y exigiendo la restituci\u00f3n del presidente Castillo en el cargo.<\/p>\n\n\n\n<p>Podr\u00edamos considerar que nuestro canciller, -Marcelo Ebrard, quien s\u00ed entiende de pol\u00edtica exterior-, est\u00e1 tan ocupado por quedar bien con su jefe, -pretendiendo ilusamente ser el candidato de\u00a0MORENA-, que ha descuidado su rol como asesor del presidente en las relaciones internacionales.<\/p>\n\n\n\n<p>\u00bfA usted qu\u00e9 le parece?<\/p>\n\n\n\n<p><em>Facebook: @Ricardo.Homs1<br>Twitter: @homsricardo<br>Linkedin: Ricardo Homs<br><a href=\"http:\/\/www.ricardohoms.com\/\">www.ricardohoms.com<\/a><\/em><\/p>\n","protected":false},"excerpt":{"rendered":"<p>Ricardo Homs El nuevo esc\u00e1ndalo de plagio no tiene precedentes, -pues de comprobarse-, pone en entredicho la autoridad moral de la ministra de la\u00a0SCJN,\u00a0Yasm\u00edn Esquivel Mossa, para cumplir con sus atribuciones y responsabilidades como garante de la constitucionalidad en nuestro pa\u00eds. La noticia detonada por el intelectual y acad\u00e9mico\u00a0Guillermo Sheridan\u00a0puso al descubierto un muy probable [&hellip;]<\/p>\n","protected":false},"author":18,"featured_media":87913,"comment_status":"open","ping_status":"open","sticky":false,"template":"","format":"standard","meta":{"_monsterinsights_skip_tracking":false,"_monsterinsights_sitenote_active":false,"_monsterinsights_sitenote_note":"","_monsterinsights_sitenote_category":0,"footnotes":""},"categories":[246],"tags":[173],"class_list":["post-87910","post","type-post","status-publish","format-standard","has-post-thumbnail","hentry","category-ricardo-homs","tag-ricardo-homs","wp-image-borders"],"amp_enabled":true,"_links":{"self":[{"href":"https:\/\/nvnoticias.mx\/index.php\/wp-json\/wp\/v2\/posts\/87910","targetHints":{"allow":["GET"]}}],"collection":[{"href":"https:\/\/nvnoticias.mx\/index.php\/wp-json\/wp\/v2\/posts"}],"about":[{"href":"https:\/\/nvnoticias.mx\/index.php\/wp-json\/wp\/v2\/types\/post"}],"author":[{"embeddable":true,"href":"https:\/\/nvnoticias.mx\/index.php\/wp-json\/wp\/v2\/users\/18"}],"replies":[{"embeddable":true,"href":"https:\/\/nvnoticias.mx\/index.php\/wp-json\/wp\/v2\/comments?post=87910"}],"version-history":[{"count":1,"href":"https:\/\/nvnoticias.mx\/index.php\/wp-json\/wp\/v2\/posts\/87910\/revisions"}],"predecessor-version":[{"id":87914,"href":"https:\/\/nvnoticias.mx\/index.php\/wp-json\/wp\/v2\/posts\/87910\/revisions\/87914"}],"wp:featuredmedia":[{"embeddable":true,"href":"https:\/\/nvnoticias.mx\/index.php\/wp-json\/wp\/v2\/media\/87913"}],"wp:attachment":[{"href":"https:\/\/nvnoticias.mx\/index.php\/wp-json\/wp\/v2\/media?parent=87910"}],"wp:term":[{"taxonomy":"category","embeddable":true,"href":"https:\/\/nvnoticias.mx\/index.php\/wp-json\/wp\/v2\/categories?post=87910"},{"taxonomy":"post_tag","embeddable":true,"href":"https:\/\/nvnoticias.mx\/index.php\/wp-json\/wp\/v2\/tags?post=87910"}],"curies":[{"name":"wp","href":"https:\/\/api.w.org\/{rel}","templated":true}]}}