{"id":87907,"date":"2022-12-26T15:46:10","date_gmt":"2022-12-26T21:46:10","guid":{"rendered":"https:\/\/nvnoticias.mx\/?p=87907"},"modified":"2022-12-26T15:46:11","modified_gmt":"2022-12-26T21:46:11","slug":"afirma-monreal-que-2023-sera-un-ano-de-intensa-actividad-legislativa","status":"publish","type":"post","link":"https:\/\/nvnoticias.mx\/index.php\/2022\/12\/26\/afirma-monreal-que-2023-sera-un-ano-de-intensa-actividad-legislativa\/","title":{"rendered":"Afirma Monreal que 2023 ser\u00e1 un a\u00f1o de intensa actividad legislativa"},"content":{"rendered":"\n<p>El coordinador de Morena en el Senado, Ricardo Monreal \u00c1vila, asegur\u00f3 que 2023 ser\u00e1 un a\u00f1o de intensa actividad legislativa.<\/p>\n\n\n\n<p>A trav\u00e9s de redes sociales, Monreal inform\u00f3 que inici\u00f3 la semana con la revisi\u00f3n de pendientes, as\u00ed como de los temas a trabajarse para el pr\u00f3ximo periodo ordinario de sesiones, el cual iniciar\u00e1 en febrero.<\/p>\n\n\n\n<p>Hace unos d\u00edas, el l\u00edder de la mayor\u00eda inform\u00f3 que entre los pendientes legislativos se encuentran la Ley de Telecomunicaciones, el C\u00f3digo Nacional de Procedimientos Civiles y Familiares y la regulaci\u00f3n de cannabis.<\/p>\n\n\n\n<p>El senador ha dicho que\u00a0<strong>la reforma electoral tambi\u00e9n es uno de los temas m\u00e1s sobresalientes<\/strong>; sin embargo, su proceso legislativo concluir\u00e1 hasta el pr\u00f3ximo periodo ordinario de sesiones, pues el grupo parlamentario de Morena y sus aliados\u00a0<strong>no tienen la mayor\u00eda calificada en la Comisi\u00f3n Permanente para convocar a un periodo extraordinario.<\/strong><\/p>\n\n\n\n<p>En este sentido, ha mencionado la necesidad de hacer bien las cosas para que el tema no llegue hasta tribunales, en este caso a la Suprema Corte de Justicia de la Naci\u00f3n, \u201cpara que no corrijan lo que nosotros podemos legislar\u201d.<\/p>\n\n\n\n<p>Tambi\u00e9n ha se\u00f1alado que<strong>\u00a0hay una cantidad importante de nombramientos pendientes<\/strong>, como de tribunales agrarios, tribunales electorales, para el Consejo de la Judicatura Federal, en el Instituto Nacional de Transparencia, Acceso a la Informaci\u00f3n y Protecci\u00f3n de Datos Personales (INAI) y en la Comisi\u00f3n Federal de Competencia Econ\u00f3mica.<\/p>\n\n\n\n<p>Afirm\u00f3 que hay muchos nombramientos que plantear\u00e1 a los coordinadores de los grupos parlamentarios.<\/p>\n\n\n\n<p>Destac\u00f3 que los senadores tuvieron un ejercicio muy amplio de trabajo durante el periodo ordinario de sesiones,&nbsp;<strong>el cual concluy\u00f3 el 15 de diciembre.<\/strong><\/p>\n\n\n\n<p>Inform\u00f3 que se aprobaron dos reformas constitucionales, dos leyes de nueva creaci\u00f3n, 71 reformas a ordenamientos vigentes, 17 decretos diversos y 156 dict\u00e1menes con punto de acuerdo.<\/p>\n\n\n\n<p>Al hacer un balance del trabajo legislativo, indic\u00f3 que se avalaron&nbsp;<strong>27 dict\u00e1menes negativos con puntos de acuerdo<\/strong>, 398 nombramientos y cuatro instrumentos internacionales.<\/p>\n\n\n\n<p>Tambi\u00e9n, agreg\u00f3,<strong>\u00a0las disposiciones de la Guardia Nacional en materia de seguridad p\u00fablica,<\/strong>\u00a0la prohibici\u00f3n de las terapias de conversi\u00f3n y el proyecto para garantizar vacaciones dignas para los trabajadores.<\/p>\n\n\n\n<p>Fuente: <a href=\"https:\/\/www.milenio.com\/politica\/monreal-afirma-2023-ano-intensa-actividad-legislativa\" data-type=\"URL\" data-id=\"https:\/\/www.milenio.com\/politica\/monreal-afirma-2023-ano-intensa-actividad-legislativa\">Milenio<\/a><\/p>\n","protected":false},"excerpt":{"rendered":"<p>El coordinador de Morena en el Senado, Ricardo Monreal \u00c1vila, asegur\u00f3 que 2023 ser\u00e1 un a\u00f1o de intensa actividad legislativa. A trav\u00e9s de redes sociales, Monreal inform\u00f3 que inici\u00f3 la semana con la revisi\u00f3n de pendientes, as\u00ed como de los temas a trabajarse para el pr\u00f3ximo periodo ordinario de sesiones, el cual iniciar\u00e1 en febrero. [&hellip;]<\/p>\n","protected":false},"author":35,"featured_media":73656,"comment_status":"open","ping_status":"open","sticky":false,"template":"","format":"standard","meta":{"_monsterinsights_skip_tracking":false,"_monsterinsights_sitenote_active":false,"_monsterinsights_sitenote_note":"","_monsterinsights_sitenote_category":0,"footnotes":""},"categories":[158],"tags":[22081,10620,22080,600],"class_list":["post-87907","post","type-post","status-publish","format-standard","has-post-thumbnail","hentry","category-politica","tag-actividad-legislativa","tag-afirma","tag-intensa","tag-ricardo-monreal","wp-image-borders"],"amp_enabled":true,"_links":{"self":[{"href":"https:\/\/nvnoticias.mx\/index.php\/wp-json\/wp\/v2\/posts\/87907","targetHints":{"allow":["GET"]}}],"collection":[{"href":"https:\/\/nvnoticias.mx\/index.php\/wp-json\/wp\/v2\/posts"}],"about":[{"href":"https:\/\/nvnoticias.mx\/index.php\/wp-json\/wp\/v2\/types\/post"}],"author":[{"embeddable":true,"href":"https:\/\/nvnoticias.mx\/index.php\/wp-json\/wp\/v2\/users\/35"}],"replies":[{"embeddable":true,"href":"https:\/\/nvnoticias.mx\/index.php\/wp-json\/wp\/v2\/comments?post=87907"}],"version-history":[{"count":1,"href":"https:\/\/nvnoticias.mx\/index.php\/wp-json\/wp\/v2\/posts\/87907\/revisions"}],"predecessor-version":[{"id":87908,"href":"https:\/\/nvnoticias.mx\/index.php\/wp-json\/wp\/v2\/posts\/87907\/revisions\/87908"}],"wp:featuredmedia":[{"embeddable":true,"href":"https:\/\/nvnoticias.mx\/index.php\/wp-json\/wp\/v2\/media\/73656"}],"wp:attachment":[{"href":"https:\/\/nvnoticias.mx\/index.php\/wp-json\/wp\/v2\/media?parent=87907"}],"wp:term":[{"taxonomy":"category","embeddable":true,"href":"https:\/\/nvnoticias.mx\/index.php\/wp-json\/wp\/v2\/categories?post=87907"},{"taxonomy":"post_tag","embeddable":true,"href":"https:\/\/nvnoticias.mx\/index.php\/wp-json\/wp\/v2\/tags?post=87907"}],"curies":[{"name":"wp","href":"https:\/\/api.w.org\/{rel}","templated":true}]}}