{"id":87851,"date":"2022-12-26T12:49:59","date_gmt":"2022-12-26T18:49:59","guid":{"rendered":"https:\/\/nvnoticias.mx\/?p=87851"},"modified":"2022-12-26T12:50:00","modified_gmt":"2022-12-26T18:50:00","slug":"ponen-en-marcha-jornada-de-vacunacion-de-refuerzo-contra-covid-19","status":"publish","type":"post","link":"https:\/\/nvnoticias.mx\/index.php\/2022\/12\/26\/ponen-en-marcha-jornada-de-vacunacion-de-refuerzo-contra-covid-19\/","title":{"rendered":"Ponen en marcha jornada de vacunaci\u00f3n de refuerzo contra COVID-19"},"content":{"rendered":"\n<p><strong>Jes\u00fas Utrilla \/ NV Noticias<\/strong><\/p>\n\n\n\n<p>El sector salud puso en marcha una jornada de vacunaci\u00f3n para reforzar el sistema inmunol\u00f3gico de los porte\u00f1os y boque\u00f1os contra el Covid.<\/p>\n\n\n\n<p>Se est\u00e1 aplicando la vacuna cubana Abdal\u00e1. La campa\u00f1a contempla primera dosis de 18 a\u00f1os y m\u00e1s; refuerzo de 18 a\u00f1os y m\u00e1s y se inmunizar\u00e1 a personas que no han recibido ninguna dosis.&nbsp;<\/p>\n\n\n\n<p>Cabe recordar que desde noviembre llegaron a M\u00e9xico 4 millones de dosis, para utilizarse en distintos esquemas de refuerzo de la poblaci\u00f3n adulta.<\/p>\n\n\n\n<p>Quienes deseen aplic\u00e1rsela deben cubrir estos requisitos: folio de vacunaci\u00f3n; CURP; comprobante de domicilio reciente. En caso de segunda dosis, comprobante de la primera aplicaci\u00f3n de la vacuna contra COVID-19 (se entreg\u00f3 despu\u00e9s de la aplicaci\u00f3n de la primera dosis).<\/p>\n\n\n\n<p>Se atender\u00e1 a las personas de 8 de la ma\u00f1ana a 2 de la tarde.<\/p>\n\n\n\n<p><strong>Las sedes en Veracruz son:<\/strong><\/p>\n\n\n\n<p>Centro de Salud Valente D\u00edaz Loma, ubicado en Calle Oriente 6 esquina Sur 5 sin n\u00famero de Tejer\u00eda.<\/p>\n\n\n\n<p>Centro de Salud Las Amapolas, en Avenida Araucarias S\/N, colonia Zoragoza.<\/p>\n\n\n\n<p>Centro de Salud Anastasio Iturralde, ubicado en Calle Netrahualcoyot\/ S\/N, colonia Centro.<\/p>\n\n\n\n<p>Centro de Salud El Coyol, en la Calle Laguna de Mandinga S\/N Unidad Habitacional El Coyol.<\/p>\n\n\n\n<p>Centro de Salud Delfino Victoria, en la Calle Justino Sarmiento S\/N, colonia Delfino Victoria (Santa Fe).<\/p>\n\n\n\n<p>Centro de Salud Vargas, en la Calle Monte Aib\u00f3n S\/N, Estaci\u00f3n Vargas.<\/p>\n\n\n\n<p>Centro de Salud Club de Leones, en la Calle Negrete 777, colonia Zaragoza.<\/p>\n\n\n\n<p>Centro de Salud Los Pinos, que se encuentra en la Calle Bustomante sin n\u00famero de la Colonia Playa Lindo.<\/p>\n\n\n\n<p>Centro de Salud Reserva Tarimoya, en Avenida Antorcha S\/N, Reserva Tarimoya.<\/p>\n\n\n\n<p>Centro de Salud Las Bajadas, en Calle J.M. Dom\u00ednguez S\/N, colonia Las Bajadas.<\/p>\n\n\n\n<p>Centro de Salud Granja R\u00edo Medio, en Calle Texcotepec S\/N, colonia Granjas Rio Medio.<\/p>\n\n\n\n<p><strong>En Boca del R\u00edo las sedes son:<\/strong><\/p>\n\n\n\n<p>Centro de Salud, en la Calle Veracruz No. 4 colonia Pescadores.<\/p>\n\n\n\n<p>Centro de Salud Ejido, en Calle 24 de febrero No. 6. Colonia Ejido 1\u00b0 de Mayo.<\/p>\n\n\n\n<p>Centro de Salud Venustiano Carranza, en la Calle Graciano S\u00e1nchez No. 11, en la Colonia Miguel Alem\u00e1n.<\/p>\n\n\n\n<p>Centro de Salud Echeverr\u00eda, ubicado en la Calle Coahuila sin n\u00famero, colonia Luis Echeverr\u00eda.&nbsp;<\/p>\n","protected":false},"excerpt":{"rendered":"<p>Jes\u00fas Utrilla \/ NV Noticias El sector salud puso en marcha una jornada de vacunaci\u00f3n para reforzar el sistema inmunol\u00f3gico de los porte\u00f1os y boque\u00f1os contra el Covid. Se est\u00e1 aplicando la vacuna cubana Abdal\u00e1. La campa\u00f1a contempla primera dosis de 18 a\u00f1os y m\u00e1s; refuerzo de 18 a\u00f1os y m\u00e1s y se inmunizar\u00e1 a [&hellip;]<\/p>\n","protected":false},"author":7,"featured_media":87852,"comment_status":"open","ping_status":"open","sticky":false,"template":"","format":"standard","meta":{"_monsterinsights_skip_tracking":false,"_monsterinsights_sitenote_active":false,"_monsterinsights_sitenote_note":"","_monsterinsights_sitenote_category":0,"footnotes":""},"categories":[154],"tags":[175,8100,22071,180],"class_list":["post-87851","post","type-post","status-publish","format-standard","has-post-thumbnail","hentry","category-veracruz","tag-covid-19","tag-jornada-de-vacunacion","tag-vacuna-abdala","tag-veracruz","wp-image-borders"],"amp_enabled":true,"_links":{"self":[{"href":"https:\/\/nvnoticias.mx\/index.php\/wp-json\/wp\/v2\/posts\/87851","targetHints":{"allow":["GET"]}}],"collection":[{"href":"https:\/\/nvnoticias.mx\/index.php\/wp-json\/wp\/v2\/posts"}],"about":[{"href":"https:\/\/nvnoticias.mx\/index.php\/wp-json\/wp\/v2\/types\/post"}],"author":[{"embeddable":true,"href":"https:\/\/nvnoticias.mx\/index.php\/wp-json\/wp\/v2\/users\/7"}],"replies":[{"embeddable":true,"href":"https:\/\/nvnoticias.mx\/index.php\/wp-json\/wp\/v2\/comments?post=87851"}],"version-history":[{"count":1,"href":"https:\/\/nvnoticias.mx\/index.php\/wp-json\/wp\/v2\/posts\/87851\/revisions"}],"predecessor-version":[{"id":87853,"href":"https:\/\/nvnoticias.mx\/index.php\/wp-json\/wp\/v2\/posts\/87851\/revisions\/87853"}],"wp:featuredmedia":[{"embeddable":true,"href":"https:\/\/nvnoticias.mx\/index.php\/wp-json\/wp\/v2\/media\/87852"}],"wp:attachment":[{"href":"https:\/\/nvnoticias.mx\/index.php\/wp-json\/wp\/v2\/media?parent=87851"}],"wp:term":[{"taxonomy":"category","embeddable":true,"href":"https:\/\/nvnoticias.mx\/index.php\/wp-json\/wp\/v2\/categories?post=87851"},{"taxonomy":"post_tag","embeddable":true,"href":"https:\/\/nvnoticias.mx\/index.php\/wp-json\/wp\/v2\/tags?post=87851"}],"curies":[{"name":"wp","href":"https:\/\/api.w.org\/{rel}","templated":true}]}}