{"id":878,"date":"2021-01-11T13:15:06","date_gmt":"2021-01-11T19:15:06","guid":{"rendered":"https:\/\/nvnoticias.mx\/?p=878"},"modified":"2021-01-11T13:15:06","modified_gmt":"2021-01-11T19:15:06","slug":"restringiran-movilidad-en-12-municipios-de-veracruz-por-aumento-en-contagios-de-covid-19","status":"publish","type":"post","link":"https:\/\/nvnoticias.mx\/index.php\/2021\/01\/11\/restringiran-movilidad-en-12-municipios-de-veracruz-por-aumento-en-contagios-de-covid-19\/","title":{"rendered":"Restringir\u00e1n movilidad en 12 municipios de Veracruz por aumento en contagios de covid-19"},"content":{"rendered":"\n<p><strong>Sam Ojeda \/ NV Noticias<\/strong><\/p>\n\n\n\n<p>Xalapa.- A partir del 14 y hasta el 17 de enero, se implementar\u00e1n medidas de restricci\u00f3n en 12 municipios de Veracruz ante el incremento en los casos de contagio por covid-19, inform\u00f3 el gobernador Cuitl\u00e1huac Garc\u00eda Jim\u00e9nez.<\/p>\n\n\n\n<p>Se trata de&nbsp; ocho municipios en sem\u00e1foro rojo y cuatro m\u00e1s en sem\u00e1foro naranja pero con aumento en ocupaci\u00f3n hospitalaria: Actopan, Cazones, Papantla, Tecolutla, Espinal, Guti\u00e9rrez Zamora, Tihuatl\u00e1n y San Rafael, as\u00ed como Poza Rica, Veracruz, Xalapa y Orizaba.<\/p>\n\n\n\n<blockquote class=\"wp-block-quote is-layout-flow wp-block-quote-is-layout-flow\"><p>\u201cEl jueves, viernes, s\u00e1bado y domingo se aplicar\u00e1 un decreto que limita la movilidad en los ocho municipios que est\u00e1n se\u00f1alados con sem\u00e1foro rojo m\u00e1s los cuatro municipios que empujan la ocupaci\u00f3n\u201d.<\/p><\/blockquote>\n\n\n\n<p>Admiti\u00f3 la situaci\u00f3n es grave, ya que dijo que hospitales del Instituto Mexicano del Seguro Social (IMSS) en Xalapa tuvieron que ampliar sus camas destinadas a pacientes covid-19, pero neg\u00f3 que los hospitales en la entidad est\u00e9n rebasados en su capacidad para recibir a pacientes con covid-19.<\/p>\n\n\n\n<p>El mandatario acept\u00f3 que el Instituto Nacional de Salud para el Bienestar (INSABI) pidi\u00f3 al Gobierno de Veracruz la devoluci\u00f3n de ventiladores para la atenci\u00f3n de pacientes graves de covid-19 dada la saturaci\u00f3n en hospitales de la Ciudad de M\u00e9xico.<\/p>\n\n\n\n<blockquote class=\"wp-block-quote is-layout-flow wp-block-quote-is-layout-flow\"><p>\u201cS\u00ed nos han pedido auxilio, ofrecimos los CAMES pero ellos tienen m\u00e1s capacidad, nosotros enviamos dos equipos de trabajadores de Salud del IMSS y dos Sesver, y apoyo en log\u00edstica, algunos ventiladores recordemos que el INSABI nos rige y nos pidieron ventiladores que nos hab\u00eda dado y ten\u00edamos a resguardo porque aqu\u00ed la ocupaci\u00f3n de ventiladores es m\u00e1s holgada que en Ciudad de M\u00e9xico\u201d.<\/p><\/blockquote>\n","protected":false},"excerpt":{"rendered":"<p>Sam Ojeda \/ NV Noticias Xalapa.- A partir del 14 y hasta el 17 de enero, se implementar\u00e1n medidas de restricci\u00f3n en 12 municipios de Veracruz ante el incremento en los casos de contagio por covid-19, inform\u00f3 el gobernador Cuitl\u00e1huac Garc\u00eda Jim\u00e9nez. Se trata de&nbsp; ocho municipios en sem\u00e1foro rojo y cuatro m\u00e1s en sem\u00e1foro [&hellip;]<\/p>\n","protected":false},"author":6,"featured_media":879,"comment_status":"open","ping_status":"open","sticky":false,"template":"","format":"standard","meta":{"_monsterinsights_skip_tracking":false,"_monsterinsights_sitenote_active":false,"_monsterinsights_sitenote_note":"","_monsterinsights_sitenote_category":0,"footnotes":""},"categories":[156],"tags":[293,175,162,180],"class_list":["post-878","post","type-post","status-publish","format-standard","has-post-thumbnail","hentry","category-estado","tag-contagios","tag-covid-19","tag-portada","tag-veracruz","wp-image-borders"],"amp_enabled":true,"_links":{"self":[{"href":"https:\/\/nvnoticias.mx\/index.php\/wp-json\/wp\/v2\/posts\/878","targetHints":{"allow":["GET"]}}],"collection":[{"href":"https:\/\/nvnoticias.mx\/index.php\/wp-json\/wp\/v2\/posts"}],"about":[{"href":"https:\/\/nvnoticias.mx\/index.php\/wp-json\/wp\/v2\/types\/post"}],"author":[{"embeddable":true,"href":"https:\/\/nvnoticias.mx\/index.php\/wp-json\/wp\/v2\/users\/6"}],"replies":[{"embeddable":true,"href":"https:\/\/nvnoticias.mx\/index.php\/wp-json\/wp\/v2\/comments?post=878"}],"version-history":[{"count":1,"href":"https:\/\/nvnoticias.mx\/index.php\/wp-json\/wp\/v2\/posts\/878\/revisions"}],"predecessor-version":[{"id":880,"href":"https:\/\/nvnoticias.mx\/index.php\/wp-json\/wp\/v2\/posts\/878\/revisions\/880"}],"wp:featuredmedia":[{"embeddable":true,"href":"https:\/\/nvnoticias.mx\/index.php\/wp-json\/wp\/v2\/media\/879"}],"wp:attachment":[{"href":"https:\/\/nvnoticias.mx\/index.php\/wp-json\/wp\/v2\/media?parent=878"}],"wp:term":[{"taxonomy":"category","embeddable":true,"href":"https:\/\/nvnoticias.mx\/index.php\/wp-json\/wp\/v2\/categories?post=878"},{"taxonomy":"post_tag","embeddable":true,"href":"https:\/\/nvnoticias.mx\/index.php\/wp-json\/wp\/v2\/tags?post=878"}],"curies":[{"name":"wp","href":"https:\/\/api.w.org\/{rel}","templated":true}]}}