{"id":87779,"date":"2022-12-24T10:52:08","date_gmt":"2022-12-24T16:52:08","guid":{"rendered":"https:\/\/nvnoticias.mx\/?p=87779"},"modified":"2022-12-24T10:52:09","modified_gmt":"2022-12-24T16:52:09","slug":"mas-de-90-mil-en-veracruz-se-vieron-afectados-con-corte-de-servicio-electrico-por-frente-frio","status":"publish","type":"post","link":"https:\/\/nvnoticias.mx\/index.php\/2022\/12\/24\/mas-de-90-mil-en-veracruz-se-vieron-afectados-con-corte-de-servicio-electrico-por-frente-frio\/","title":{"rendered":"M\u00e1s de 90 mil en Veracruz se vieron afectados con corte de servicio el\u00e9ctrico por frente fr\u00edo"},"content":{"rendered":"\n<p><strong>Sam Ojeda\u00a0| NV Noticias <\/strong><\/p>\n\n\n\n<p>Xalapa.- La Comisi\u00f3n Federal de Electricidad (CFE) inform\u00f3 que en la entidad veracruzana resultaron afectados m\u00e1s de 90 mil usuarios por los efectos del frente fr\u00edo n\u00famero 19.<\/p>\n\n\n\n<p>Dio a conocer que debido a que el frente fr\u00edo sigue estando en territorio veracruzano se tienen 18 mil usuarios m\u00e1s sin servicio.&nbsp;<\/p>\n\n\n\n<p>En ese sentido, dio a conocer que se reportan afectaciones en los municipios de Coatzacoalcos y Poza Rica y puerto de Veracruz.<\/p>\n\n\n\n<p>Con corte a este s\u00e1bado al 79 por ciento de los m\u00e1s de 90 mil usuarios afectados en el estado de Veracruz ya les fue restablecido el servicio.&nbsp;<\/p>\n\n\n\n<p>El frente fr\u00edo caus\u00f3 afectaciones a 142 mil 811 usuarios en los estados de Tamaulipas, San Luis Potos\u00ed y Veracruz.&nbsp;<\/p>\n\n\n\n<p>Adem\u00e1s, inform\u00f3 que para la atenci\u00f3n de la emergencia se han desplegado 261 trabajadores electricistas, 82 veh\u00edculos y 49 gr\u00faas. &nbsp;<\/p>\n\n\n\n<p>En el caso de Tamaulipas se vieron afectados 44 mil 095 de usuarios pero el 99 por ciento ya tiene servicio nuevamente; en San Luis Potos\u00ed fueron afectados 7 mil 601, cuyo servicio se ha restablecido a la normalidad.<\/p>\n","protected":false},"excerpt":{"rendered":"<p>Sam Ojeda\u00a0| NV Noticias Xalapa.- La Comisi\u00f3n Federal de Electricidad (CFE) inform\u00f3 que en la entidad veracruzana resultaron afectados m\u00e1s de 90 mil usuarios por los efectos del frente fr\u00edo n\u00famero 19. Dio a conocer que debido a que el frente fr\u00edo sigue estando en territorio veracruzano se tienen 18 mil usuarios m\u00e1s sin servicio.&nbsp; [&hellip;]<\/p>\n","protected":false},"author":35,"featured_media":57839,"comment_status":"open","ping_status":"open","sticky":false,"template":"","format":"standard","meta":{"_monsterinsights_skip_tracking":false,"_monsterinsights_sitenote_active":false,"_monsterinsights_sitenote_note":"","_monsterinsights_sitenote_category":0,"footnotes":""},"categories":[156],"tags":[1666,821,7727,12394,3204,180],"class_list":["post-87779","post","type-post","status-publish","format-standard","has-post-thumbnail","hentry","category-estado","tag-afectados","tag-cfe","tag-corte","tag-electrico","tag-servicio","tag-veracruz","wp-image-borders"],"amp_enabled":true,"_links":{"self":[{"href":"https:\/\/nvnoticias.mx\/index.php\/wp-json\/wp\/v2\/posts\/87779","targetHints":{"allow":["GET"]}}],"collection":[{"href":"https:\/\/nvnoticias.mx\/index.php\/wp-json\/wp\/v2\/posts"}],"about":[{"href":"https:\/\/nvnoticias.mx\/index.php\/wp-json\/wp\/v2\/types\/post"}],"author":[{"embeddable":true,"href":"https:\/\/nvnoticias.mx\/index.php\/wp-json\/wp\/v2\/users\/35"}],"replies":[{"embeddable":true,"href":"https:\/\/nvnoticias.mx\/index.php\/wp-json\/wp\/v2\/comments?post=87779"}],"version-history":[{"count":2,"href":"https:\/\/nvnoticias.mx\/index.php\/wp-json\/wp\/v2\/posts\/87779\/revisions"}],"predecessor-version":[{"id":87781,"href":"https:\/\/nvnoticias.mx\/index.php\/wp-json\/wp\/v2\/posts\/87779\/revisions\/87781"}],"wp:featuredmedia":[{"embeddable":true,"href":"https:\/\/nvnoticias.mx\/index.php\/wp-json\/wp\/v2\/media\/57839"}],"wp:attachment":[{"href":"https:\/\/nvnoticias.mx\/index.php\/wp-json\/wp\/v2\/media?parent=87779"}],"wp:term":[{"taxonomy":"category","embeddable":true,"href":"https:\/\/nvnoticias.mx\/index.php\/wp-json\/wp\/v2\/categories?post=87779"},{"taxonomy":"post_tag","embeddable":true,"href":"https:\/\/nvnoticias.mx\/index.php\/wp-json\/wp\/v2\/tags?post=87779"}],"curies":[{"name":"wp","href":"https:\/\/api.w.org\/{rel}","templated":true}]}}