{"id":87758,"date":"2022-12-24T08:21:56","date_gmt":"2022-12-24T14:21:56","guid":{"rendered":"https:\/\/nvnoticias.mx\/?p=87758"},"modified":"2022-12-24T08:21:57","modified_gmt":"2022-12-24T14:21:57","slug":"comparte-la-hija-de-pele-emotiva-foto-antes-de-navidad","status":"publish","type":"post","link":"https:\/\/nvnoticias.mx\/index.php\/2022\/12\/24\/comparte-la-hija-de-pele-emotiva-foto-antes-de-navidad\/","title":{"rendered":"Comparte la hija de Pel\u00e9 emotiva foto antes de Navidad"},"content":{"rendered":"\n<p>El exfutbolista brasile\u00f1o<strong>&nbsp;Edson Arantes do Nascimento &#8216;Pel\u00e9&#8217;&nbsp;<\/strong>&#8220;sigue en la lucha&#8221;, afirm\u00f3 este viernes una de sus hijas, despu\u00e9s de conocerse el empeoramiento de su estado de salud.<\/p>\n\n\n\n<blockquote class=\"wp-block-quote is-layout-flow wp-block-quote-is-layout-flow\"><p>&#8220;Seguimos aqu\u00ed, en la lucha y con fe. Una noche m\u00e1s juntos&#8221;, escribi\u00f3\u00a0<strong>Kely Nascimento<\/strong>\u00a0en Instagram, junto a una foto de ella abrazando a su padre en la cama del hospital de Sao Paulo donde el exdelantero de 82 a\u00f1os se encuentra internado.<\/p><\/blockquote>\n\n\n\n<p>Esta es la primera foto de\u00a0<strong>Pel\u00e9\u00a0<\/strong>desde que, hace dos d\u00edas,\u00a0sus m\u00e9dicos informaron de que ha avanzado el c\u00e1ncer, caus\u00e1ndole &#8220;disfunciones&#8221; en los ri\u00f1ones y coraz\u00f3n.<\/p>\n\n\n\n<p>Tras conocer el empeoramiento de salud del tricampe\u00f3n mundial, sus hijas anunciaron que pasar\u00e1n las navidades en el hospital, en el que Pel\u00e9 est\u00e1 internado desde el pasado 29 de noviembre.<\/p>\n\n\n\n<p>Pel\u00e9 fue&nbsp;<strong>hospitalizado&nbsp;<\/strong>para evaluar un cambio en el tratamiento de quimioterapia, que recib\u00eda desde que en septiembre pasado le detectaron un tumor de colon.<\/p>\n\n\n\n<p>D\u00edas despu\u00e9s, el hospital inform\u00f3 de que le estaba tratando tambi\u00e9n por una infecci\u00f3n respiratoria que, seg\u00fan sus hijas, padeci\u00f3 a consecuencia de la covid-19.<\/p>\n\n\n\n<p>El pasado mi\u00e9rcoles, los m\u00e9dicos comunicaron un agravamiento del c\u00e1ncer y dijeron que el exfutbolista &#8220;requiere mayores cuidados relacionados a disfunciones renal y cardiaca&#8221;.<\/p>\n\n\n\n<figure class=\"wp-block-image size-large\"><img loading=\"lazy\" decoding=\"async\" width=\"843\" height=\"605\" src=\"https:\/\/nvnoticias.mx\/wp-content\/uploads\/2022\/12\/pele-1.jpg\" alt=\"\" class=\"wp-image-87759\" srcset=\"https:\/\/nvnoticias.mx\/wp-content\/uploads\/2022\/12\/pele-1.jpg 843w, https:\/\/nvnoticias.mx\/wp-content\/uploads\/2022\/12\/pele-1-300x215.jpg 300w, https:\/\/nvnoticias.mx\/wp-content\/uploads\/2022\/12\/pele-1-768x551.jpg 768w\" sizes=\"auto, (max-width: 843px) 100vw, 843px\" \/><\/figure>\n\n\n\n<p>Fuente: <a href=\"https:\/\/heraldodemexico.com.mx\/deportes\/2022\/12\/24\/pele-la-hija-del-exfutbolista-comparte-emotiva-foto-antes-de-navidad-sigue-en-la-lucha-468598.html\" data-type=\"URL\" data-id=\"https:\/\/heraldodemexico.com.mx\/deportes\/2022\/12\/24\/pele-la-hija-del-exfutbolista-comparte-emotiva-foto-antes-de-navidad-sigue-en-la-lucha-468598.html\">El Heraldo de M\u00e9xico<\/a><\/p>\n","protected":false},"excerpt":{"rendered":"<p>El exfutbolista brasile\u00f1o&nbsp;Edson Arantes do Nascimento &#8216;Pel\u00e9&#8217;&nbsp;&#8220;sigue en la lucha&#8221;, afirm\u00f3 este viernes una de sus hijas, despu\u00e9s de conocerse el empeoramiento de su estado de salud. &#8220;Seguimos aqu\u00ed, en la lucha y con fe. Una noche m\u00e1s juntos&#8221;, escribi\u00f3\u00a0Kely Nascimento\u00a0en Instagram, junto a una foto de ella abrazando a su padre en la cama [&hellip;]<\/p>\n","protected":false},"author":35,"featured_media":85093,"comment_status":"open","ping_status":"open","sticky":false,"template":"","format":"standard","meta":{"_monsterinsights_skip_tracking":false,"_monsterinsights_sitenote_active":false,"_monsterinsights_sitenote_note":"","_monsterinsights_sitenote_category":0,"footnotes":""},"categories":[159],"tags":[10834,14219,6534,325,2262],"class_list":["post-87758","post","type-post","status-publish","format-standard","has-post-thumbnail","hentry","category-deportes","tag-comparte","tag-emotiva","tag-foto","tag-navidad","tag-pele","wp-image-borders"],"amp_enabled":true,"_links":{"self":[{"href":"https:\/\/nvnoticias.mx\/index.php\/wp-json\/wp\/v2\/posts\/87758","targetHints":{"allow":["GET"]}}],"collection":[{"href":"https:\/\/nvnoticias.mx\/index.php\/wp-json\/wp\/v2\/posts"}],"about":[{"href":"https:\/\/nvnoticias.mx\/index.php\/wp-json\/wp\/v2\/types\/post"}],"author":[{"embeddable":true,"href":"https:\/\/nvnoticias.mx\/index.php\/wp-json\/wp\/v2\/users\/35"}],"replies":[{"embeddable":true,"href":"https:\/\/nvnoticias.mx\/index.php\/wp-json\/wp\/v2\/comments?post=87758"}],"version-history":[{"count":1,"href":"https:\/\/nvnoticias.mx\/index.php\/wp-json\/wp\/v2\/posts\/87758\/revisions"}],"predecessor-version":[{"id":87760,"href":"https:\/\/nvnoticias.mx\/index.php\/wp-json\/wp\/v2\/posts\/87758\/revisions\/87760"}],"wp:featuredmedia":[{"embeddable":true,"href":"https:\/\/nvnoticias.mx\/index.php\/wp-json\/wp\/v2\/media\/85093"}],"wp:attachment":[{"href":"https:\/\/nvnoticias.mx\/index.php\/wp-json\/wp\/v2\/media?parent=87758"}],"wp:term":[{"taxonomy":"category","embeddable":true,"href":"https:\/\/nvnoticias.mx\/index.php\/wp-json\/wp\/v2\/categories?post=87758"},{"taxonomy":"post_tag","embeddable":true,"href":"https:\/\/nvnoticias.mx\/index.php\/wp-json\/wp\/v2\/tags?post=87758"}],"curies":[{"name":"wp","href":"https:\/\/api.w.org\/{rel}","templated":true}]}}