{"id":87652,"date":"2022-12-23T21:06:23","date_gmt":"2022-12-24T03:06:23","guid":{"rendered":"https:\/\/nvnoticias.mx\/?p=87652"},"modified":"2022-12-23T21:06:25","modified_gmt":"2022-12-24T03:06:25","slug":"continuara-el-evento-de-norte-con-viento-sostenido-de-60-km-hr-este-sabado","status":"publish","type":"post","link":"https:\/\/nvnoticias.mx\/index.php\/2022\/12\/23\/continuara-el-evento-de-norte-con-viento-sostenido-de-60-km-hr-este-sabado\/","title":{"rendered":"Continuar\u00e1 el evento de norte con viento sostenido de 60 km\/hr este s\u00e1bado"},"content":{"rendered":"\n<p><strong>Jes\u00fas Utrilla | NV Noticias<\/strong><\/p>\n\n\n\n<p>Para este s\u00e1bado se espera que la intensidad del viento del norte comience a decrecer, sin embargo, ser\u00e1 de 60 kil\u00f3metros por hora con rachas de hasta 85 kil\u00f3metros por hora.<\/p>\n\n\n\n<p>Jorge Roberto Rojas Hern\u00e1ndez, director de Protecci\u00f3n Civil de Boca del R\u00edo, dijo que durante el Viernes el viento se mantiene en 70 kil\u00f3metros por hora con rachas de 85 kil\u00f3metros por hora y picos de 110 kil\u00f3metros por hora.<\/p>\n\n\n\n<p>Dicha velocidad fue la m\u00e1xima aunque en la zona norte de Veracruz de acuerdo a la Comisi\u00f3n Nacional del Agua se alcanz\u00f3 120 kil\u00f3metros por hora.<\/p>\n\n\n\n<p>En el municipio de Boca del R\u00edo la Direcci\u00f3n de Protecci\u00f3n brind\u00f3 23 atenciones entre las que destacaron un tanque de gas estacionario con afectaciones, desprendimientos de lonas de anuncios publicitarios, \u00e1rboles y postes ca\u00eddos, l\u00e1minas desprendidas, y cables colgando.<\/p>\n\n\n\n<p>Se mantiene el cierre de circulaci\u00f3n vehicular en el carril sur a norte del bulevar Manuel \u00c1vila Camacho entre Juan Pablo II y Ruiz Cortines, as\u00ed como en el carril norte- Sur desde Reyes Heroles hasta Juan Pablo II.<\/p>\n\n\n\n<p>No hubo personas lesionadas y para el s\u00e1bado se espera que el viento contin\u00fae por efectos del Frente Fr\u00edo n\u00famero 19.<\/p>\n","protected":false},"excerpt":{"rendered":"<p>Jes\u00fas Utrilla | NV Noticias Para este s\u00e1bado se espera que la intensidad del viento del norte comience a decrecer, sin embargo, ser\u00e1 de 60 kil\u00f3metros por hora con rachas de hasta 85 kil\u00f3metros por hora. Jorge Roberto Rojas Hern\u00e1ndez, director de Protecci\u00f3n Civil de Boca del R\u00edo, dijo que durante el Viernes el viento [&hellip;]<\/p>\n","protected":false},"author":7,"featured_media":44958,"comment_status":"open","ping_status":"open","sticky":false,"template":"","format":"standard","meta":{"_monsterinsights_skip_tracking":false,"_monsterinsights_sitenote_active":false,"_monsterinsights_sitenote_note":"","_monsterinsights_sitenote_category":0,"footnotes":""},"categories":[154],"tags":[8183,267,162,3333,180,8334],"class_list":["post-87652","post","type-post","status-publish","format-standard","has-post-thumbnail","hentry","category-veracruz","tag-aire","tag-norte","tag-portada","tag-sabado","tag-veracruz","tag-viento","wp-image-borders"],"amp_enabled":true,"_links":{"self":[{"href":"https:\/\/nvnoticias.mx\/index.php\/wp-json\/wp\/v2\/posts\/87652","targetHints":{"allow":["GET"]}}],"collection":[{"href":"https:\/\/nvnoticias.mx\/index.php\/wp-json\/wp\/v2\/posts"}],"about":[{"href":"https:\/\/nvnoticias.mx\/index.php\/wp-json\/wp\/v2\/types\/post"}],"author":[{"embeddable":true,"href":"https:\/\/nvnoticias.mx\/index.php\/wp-json\/wp\/v2\/users\/7"}],"replies":[{"embeddable":true,"href":"https:\/\/nvnoticias.mx\/index.php\/wp-json\/wp\/v2\/comments?post=87652"}],"version-history":[{"count":1,"href":"https:\/\/nvnoticias.mx\/index.php\/wp-json\/wp\/v2\/posts\/87652\/revisions"}],"predecessor-version":[{"id":87653,"href":"https:\/\/nvnoticias.mx\/index.php\/wp-json\/wp\/v2\/posts\/87652\/revisions\/87653"}],"wp:featuredmedia":[{"embeddable":true,"href":"https:\/\/nvnoticias.mx\/index.php\/wp-json\/wp\/v2\/media\/44958"}],"wp:attachment":[{"href":"https:\/\/nvnoticias.mx\/index.php\/wp-json\/wp\/v2\/media?parent=87652"}],"wp:term":[{"taxonomy":"category","embeddable":true,"href":"https:\/\/nvnoticias.mx\/index.php\/wp-json\/wp\/v2\/categories?post=87652"},{"taxonomy":"post_tag","embeddable":true,"href":"https:\/\/nvnoticias.mx\/index.php\/wp-json\/wp\/v2\/tags?post=87652"}],"curies":[{"name":"wp","href":"https:\/\/api.w.org\/{rel}","templated":true}]}}