{"id":87531,"date":"2022-12-22T15:40:50","date_gmt":"2022-12-22T21:40:50","guid":{"rendered":"https:\/\/nvnoticias.mx\/?p=87531"},"modified":"2022-12-22T15:40:50","modified_gmt":"2022-12-22T21:40:50","slug":"primo-dothe-se-integra-al-equipo-de-ebrard-como-promotor-en-veracruz","status":"publish","type":"post","link":"https:\/\/nvnoticias.mx\/index.php\/2022\/12\/22\/primo-dothe-se-integra-al-equipo-de-ebrard-como-promotor-en-veracruz\/","title":{"rendered":"Primo Doth\u00e9 se integra al equipo de Ebrard como promotor en Veracruz"},"content":{"rendered":"\n<p>El senador con licencia Primo Doth\u00e9 Mata anunci\u00f3 que fue nombrado como promotor de Marcelo Ebrard Casaub\u00f3n en el estado de Veracruz, rumbo a la encuesta para la candidatura presidencial por Morena en 2024.<\/p>\n\n\n\n<blockquote class=\"wp-block-quote is-layout-flow wp-block-quote-is-layout-flow\"><p><em>\u201cCon mucho gusto he aceptado la invitaci\u00f3n con que me ha honrado el canciller Marcelo Ebrard Casaub\u00f3n para representarle como delegado personal en Veracruz y sumarme a los esfuerzos para fortalecer su ya indiscutible imagen como potencial defensor de la Cuarta Transformaci\u00f3n para M\u00e9xico<\/em>\u201d, se\u00f1al\u00f3 a trav\u00e9s de redes sociales.<\/p><\/blockquote>\n\n\n\n<iframe loading=\"lazy\" src=\"https:\/\/www.facebook.com\/plugins\/post.php?href=https%3A%2F%2Fwww.facebook.com%2Fprimo.dothe%2Fposts%2Fpfbid02ZySvJDYV71UFpc15gy9RPWWntVfjYiMfc2zGZBBxUAgVxciNN7b7yZ3r1fDtLJWGl&#038;show_text=true&#038;width=500\" width=\"500\" height=\"550\" style=\"border:none;overflow:hidden\" scrolling=\"no\" frameborder=\"0\" allowfullscreen=\"true\" allow=\"autoplay; clipboard-write; encrypted-media; picture-in-picture; web-share\"><\/iframe>\n\n\n\n<p>Tambi\u00e9n, destac\u00f3 que, con principios y valores como el respeto, la verdad, la raz\u00f3n, la \u00e9tica y el honor, se esforzar\u00e1 para cumplir la tarea que le ha encomendado el canciller en Veracruz.<\/p>\n\n\n\n<p>Doth\u00e9 Mata ha mantenido una lucha social desde San Luis Potos\u00ed a favor de los m\u00e1s vulnerables, desde los tiempos de Salvador Nava Mart\u00ednez, y ha antepuesto su lucha a cargos pol\u00edticos, raz\u00f3n por la que renunci\u00f3 a su esca\u00f1o en el Senado de la Rep\u00fablica para dar muestra de congruencia.<\/p>\n\n\n\n<p>En recientes elecciones de Hidalgo, el morenista apoy\u00f3 desde la Huasteca al ahora gobernador Julio Menchaca Salazar, con el triunfo en aquella entidad sin alternancia desde varios a\u00f1os, con lo que busca demostrar su trabajo para con la transformaci\u00f3n del pa\u00eds.<\/p>\n\n\n\n<p>Fuente: <a href=\"https:\/\/www.milenio.com\/politica\/primo-dothe-promotor-ebrard-veracruz-rumbo-encuesta\">Milenio<\/a><\/p>\n","protected":false},"excerpt":{"rendered":"<p>El senador con licencia Primo Doth\u00e9 Mata anunci\u00f3 que fue nombrado como promotor de Marcelo Ebrard Casaub\u00f3n en el estado de Veracruz, rumbo a la encuesta para la candidatura presidencial por Morena en 2024. \u201cCon mucho gusto he aceptado la invitaci\u00f3n con que me ha honrado el canciller Marcelo Ebrard Casaub\u00f3n para representarle como delegado [&hellip;]<\/p>\n","protected":false},"author":8,"featured_media":87532,"comment_status":"open","ping_status":"open","sticky":false,"template":"","format":"standard","meta":{"_monsterinsights_skip_tracking":false,"_monsterinsights_sitenote_active":false,"_monsterinsights_sitenote_note":"","_monsterinsights_sitenote_category":0,"footnotes":""},"categories":[158],"tags":[391,21990,180],"class_list":["post-87531","post","type-post","status-publish","format-standard","has-post-thumbnail","hentry","category-politica","tag-marcelo-ebrard","tag-primo-dothe","tag-veracruz","wp-image-borders"],"amp_enabled":true,"_links":{"self":[{"href":"https:\/\/nvnoticias.mx\/index.php\/wp-json\/wp\/v2\/posts\/87531","targetHints":{"allow":["GET"]}}],"collection":[{"href":"https:\/\/nvnoticias.mx\/index.php\/wp-json\/wp\/v2\/posts"}],"about":[{"href":"https:\/\/nvnoticias.mx\/index.php\/wp-json\/wp\/v2\/types\/post"}],"author":[{"embeddable":true,"href":"https:\/\/nvnoticias.mx\/index.php\/wp-json\/wp\/v2\/users\/8"}],"replies":[{"embeddable":true,"href":"https:\/\/nvnoticias.mx\/index.php\/wp-json\/wp\/v2\/comments?post=87531"}],"version-history":[{"count":1,"href":"https:\/\/nvnoticias.mx\/index.php\/wp-json\/wp\/v2\/posts\/87531\/revisions"}],"predecessor-version":[{"id":87533,"href":"https:\/\/nvnoticias.mx\/index.php\/wp-json\/wp\/v2\/posts\/87531\/revisions\/87533"}],"wp:featuredmedia":[{"embeddable":true,"href":"https:\/\/nvnoticias.mx\/index.php\/wp-json\/wp\/v2\/media\/87532"}],"wp:attachment":[{"href":"https:\/\/nvnoticias.mx\/index.php\/wp-json\/wp\/v2\/media?parent=87531"}],"wp:term":[{"taxonomy":"category","embeddable":true,"href":"https:\/\/nvnoticias.mx\/index.php\/wp-json\/wp\/v2\/categories?post=87531"},{"taxonomy":"post_tag","embeddable":true,"href":"https:\/\/nvnoticias.mx\/index.php\/wp-json\/wp\/v2\/tags?post=87531"}],"curies":[{"name":"wp","href":"https:\/\/api.w.org\/{rel}","templated":true}]}}