{"id":87476,"date":"2022-12-22T12:36:07","date_gmt":"2022-12-22T18:36:07","guid":{"rendered":"https:\/\/nvnoticias.mx\/?p=87476"},"modified":"2022-12-22T12:36:08","modified_gmt":"2022-12-22T18:36:08","slug":"sugiere-amlo-que-eu-participo-en-golpe-de-estado-contra-pedro-castillo","status":"publish","type":"post","link":"https:\/\/nvnoticias.mx\/index.php\/2022\/12\/22\/sugiere-amlo-que-eu-participo-en-golpe-de-estado-contra-pedro-castillo\/","title":{"rendered":"Sugiere AMLO que EU particip\u00f3 en \u2018golpe de Estado\u2019 contra Pedro Castillo"},"content":{"rendered":"\n<p>El presidente Andr\u00e9s Manuel L\u00f3pez Obrador sugiri\u00f3 que Estados Unidos estuvo involucrado en el proceso que llev\u00f3 a la destituci\u00f3n de\u00a0Pedro Castillo\u00a0como mandatario de Per\u00fa.<\/p>\n\n\n\n<blockquote class=\"wp-block-quote is-layout-flow wp-block-quote-is-layout-flow\"><p>\u201cHay sospechas porque\u00a0<strong>no cuidan ni siquiera las formas<\/strong>. El primer mensaje despu\u00e9s de la destituci\u00f3n del presidente Castillo fue el mensaje de la embajadora de Estados Unidos, y luego cuando declaran estado de emergencia, va la embajadora de Estados Unidos a entrevistarse con la presidenta (Dina Boluarte)\u201d, dijo en su conferencia desde Quintana Roo.<\/p><\/blockquote>\n\n\n\n<p>Este no fue el \u00fanico \u2018llegue\u2019 de L\u00f3pez Obrador a EU durante este jueves. El mandatario critic\u00f3 el mensaje con el que su hom\u00f3logo\u00a0Joe Biden recibi\u00f3 a Volod\u00edmir Zelenski.<\/p>\n\n\n\n<blockquote class=\"wp-block-quote is-layout-flow wp-block-quote-is-layout-flow\"><p>\u201cPone en su (cuenta de) Twitter, le dice al presidente de Ucrania: \u2018Bienvenido a Am\u00e9rica\u2019. \u00bfQu\u00e9 pas\u00f3, presidente Biden? Con todo respeto,\u00a0<strong>Am\u00e9rica somos todos<\/strong>\u00a0y suele pasar que en Europa y otras partes, cuando se habla de Am\u00e9rica se piensa que es Estados Unidos e Am\u00e9rica. Am\u00e9rica es el Per\u00fa, es Guatemala y es Belice, y es M\u00e9xico\u201d, a\u00f1adi\u00f3.<\/p><\/blockquote>\n\n\n\n<p>El mandatario ha repetido en varias ocasiones sus cr\u00edticas contra la posici\u00f3n de EU de \u2018asumir\u2019 su papel como representante de todo el continente americano.<\/p>\n\n\n\n<p>\u201c<strong>Lo que no me gusta es \u2018el modito\u2019<\/strong>. \u00bfC\u00f3mo que \u2018bienvenido a Am\u00e9rica\u2019? Vamos a empezar ya por cambiar eso. Es bienvenido a Estados Unidos, bienvenido a M\u00e9xico, bienvenido a Per\u00fa\u201d, agreg\u00f3.<\/p>\n\n\n\n<p>L\u00f3pez Obrador ser\u00e1 anfitri\u00f3n de Biden y el primer ministro de Canad\u00e1, Justin Trudeau, el pr\u00f3ximo 10 de enero, cuando reciba a los mandatarios como parte de la X Cumbre de L\u00edderes de Am\u00e9rica del Norte.<\/p>\n\n\n\n<p>Marcelo Ebrard, secretario de Relaciones Exteriores, se\u00f1al\u00f3 que en el encuentro, que se llevar\u00e1 en Palacio Nacional, se tocar\u00e1n los siguientes temas:<\/p>\n\n\n\n<ol class=\"wp-block-list\"><li>Diversidad, equidad e inclusi\u00f3n<\/li><li>Cambio clim\u00e1tico y medio ambiente<\/li><li>Competitividad<\/li><li>Migraci\u00f3n y desarrollo<\/li><li>Salud<\/li><li>Seguridad<\/li><\/ol>\n\n\n\n<p>Es as\u00ed como las tres naciones buscar\u00e1n continuar el proceso de\u00a0<strong>integraci\u00f3n regional\u00a0<\/strong>sobre los principios de respeto, soberan\u00eda y cooperaci\u00f3n de buena fe, en beneficio mutuo, indic\u00f3.<\/p>\n\n\n\n<p>Fuente: <a href=\"https:\/\/www.elfinanciero.com.mx\/nacional\/2022\/12\/22\/hay-sospechas-amlo-sugiere-que-eu-participo-en-golpe-de-estado-contra-pedro-castillo\/\" data-type=\"URL\" data-id=\"https:\/\/www.elfinanciero.com.mx\/nacional\/2022\/12\/22\/hay-sospechas-amlo-sugiere-que-eu-participo-en-golpe-de-estado-contra-pedro-castillo\/\">El financiero <\/a><\/p>\n","protected":false},"excerpt":{"rendered":"<p>El presidente Andr\u00e9s Manuel L\u00f3pez Obrador sugiri\u00f3 que Estados Unidos estuvo involucrado en el proceso que llev\u00f3 a la destituci\u00f3n de\u00a0Pedro Castillo\u00a0como mandatario de Per\u00fa. \u201cHay sospechas porque\u00a0no cuidan ni siquiera las formas. El primer mensaje despu\u00e9s de la destituci\u00f3n del presidente Castillo fue el mensaje de la embajadora de Estados Unidos, y luego cuando [&hellip;]<\/p>\n","protected":false},"author":35,"featured_media":83585,"comment_status":"open","ping_status":"open","sticky":false,"template":"","format":"standard","meta":{"_monsterinsights_skip_tracking":false,"_monsterinsights_sitenote_active":false,"_monsterinsights_sitenote_note":"","_monsterinsights_sitenote_category":0,"footnotes":""},"categories":[157],"tags":[188,183,975,21977,16137,13584],"class_list":["post-87476","post","type-post","status-publish","format-standard","has-post-thumbnail","hentry","category-nacional","tag-amlo","tag-estados-unidos","tag-golpe-de-estado","tag-participo","tag-pedro-castillo","tag-sugiere","wp-image-borders"],"amp_enabled":true,"_links":{"self":[{"href":"https:\/\/nvnoticias.mx\/index.php\/wp-json\/wp\/v2\/posts\/87476","targetHints":{"allow":["GET"]}}],"collection":[{"href":"https:\/\/nvnoticias.mx\/index.php\/wp-json\/wp\/v2\/posts"}],"about":[{"href":"https:\/\/nvnoticias.mx\/index.php\/wp-json\/wp\/v2\/types\/post"}],"author":[{"embeddable":true,"href":"https:\/\/nvnoticias.mx\/index.php\/wp-json\/wp\/v2\/users\/35"}],"replies":[{"embeddable":true,"href":"https:\/\/nvnoticias.mx\/index.php\/wp-json\/wp\/v2\/comments?post=87476"}],"version-history":[{"count":1,"href":"https:\/\/nvnoticias.mx\/index.php\/wp-json\/wp\/v2\/posts\/87476\/revisions"}],"predecessor-version":[{"id":87479,"href":"https:\/\/nvnoticias.mx\/index.php\/wp-json\/wp\/v2\/posts\/87476\/revisions\/87479"}],"wp:featuredmedia":[{"embeddable":true,"href":"https:\/\/nvnoticias.mx\/index.php\/wp-json\/wp\/v2\/media\/83585"}],"wp:attachment":[{"href":"https:\/\/nvnoticias.mx\/index.php\/wp-json\/wp\/v2\/media?parent=87476"}],"wp:term":[{"taxonomy":"category","embeddable":true,"href":"https:\/\/nvnoticias.mx\/index.php\/wp-json\/wp\/v2\/categories?post=87476"},{"taxonomy":"post_tag","embeddable":true,"href":"https:\/\/nvnoticias.mx\/index.php\/wp-json\/wp\/v2\/tags?post=87476"}],"curies":[{"name":"wp","href":"https:\/\/api.w.org\/{rel}","templated":true}]}}