{"id":87475,"date":"2022-12-22T12:34:43","date_gmt":"2022-12-22T18:34:43","guid":{"rendered":"https:\/\/nvnoticias.mx\/?p=87475"},"modified":"2022-12-22T12:34:44","modified_gmt":"2022-12-22T18:34:44","slug":"continuan-las-desapariciones-en-el-estado-de-veracruz-colocan-arbol-de-la-memoria","status":"publish","type":"post","link":"https:\/\/nvnoticias.mx\/index.php\/2022\/12\/22\/continuan-las-desapariciones-en-el-estado-de-veracruz-colocan-arbol-de-la-memoria\/","title":{"rendered":"Contin\u00faan las desapariciones en el estado de Veracruz; colocan \u00c1rbol de la Memoria"},"content":{"rendered":"\n<p><strong>Jes\u00fas Utrilla \/ NV Noticias<\/strong><\/p>\n\n\n\n<p>Al d\u00eda desaparecen en el estado de Veracruz al menos 5 personas y en su mayor\u00eda son j\u00f3venes, se\u00f1al\u00f3 Lidia Lara, representante del Colectivo Justicia y Dignidad Veracruz.<\/p>\n\n\n\n<p>Explic\u00f3 que no todos son de la entidad veracruzana sino de entidades como Michoac\u00e1n, Puebla y Tamaulipas, incluso sus familiares contactan a los colectivos veracruzanos a trav\u00e9s de redes sociales para que los orienten y ayuden en la b\u00fasqueda.<\/p>\n\n\n\n<blockquote class=\"wp-block-quote is-layout-flow wp-block-quote-is-layout-flow\"><p><em>\u201cSigue habiendo desaparecidos hay cinco desaparecidos diarios, entones en vez de disminuir va aumentando. Son casos de j\u00f3venes que est\u00e1n desapareciendo y que es alarmante. Somos cien familias de diferentes estados que han buscado el apoyo del colectivo en redes sociales porque desparecen sus familiares aqu\u00ed y ellos est\u00e1n en Michoac\u00e1n, Tamaulipas y Puebla<\/em>\u201d.<\/p><\/blockquote>\n\n\n\n<p>Familiares de desaparecidos colocaron el \u00c1rbol de la Memoria, en Plaza de la Soberan\u00eda de la ciudad de Veracruz para recordar a sus hijos, hijas, esposos, esposas, hermanos, hermanas y otros parientes en calidad de no localizados.<\/p>\n\n\n\n<p>Lidia Lara, representante del Colectivo Justicia y Dignidad Veracruz, se\u00f1al\u00f3 que no tienen nada que festejar en Navidad porque en la mesa habr\u00e1 lugares vac\u00edos.<\/p>\n\n\n\n<blockquote class=\"wp-block-quote is-layout-flow wp-block-quote-is-layout-flow\"><p>\u201c<em>Buscamos sensibilizar a la sociedad que esto a cualquiera le puede pasar, nadie esta excepto y tambi\u00e9n invitar a quienes est\u00e1n pasando por esto a acercarse porque no est\u00e1n solos y hay colectivos que podemos apoyarlos<\/em>\u201d.<\/p><\/blockquote>\n","protected":false},"excerpt":{"rendered":"<p>Jes\u00fas Utrilla \/ NV Noticias Al d\u00eda desaparecen en el estado de Veracruz al menos 5 personas y en su mayor\u00eda son j\u00f3venes, se\u00f1al\u00f3 Lidia Lara, representante del Colectivo Justicia y Dignidad Veracruz. Explic\u00f3 que no todos son de la entidad veracruzana sino de entidades como Michoac\u00e1n, Puebla y Tamaulipas, incluso sus familiares contactan a [&hellip;]<\/p>\n","protected":false},"author":8,"featured_media":87477,"comment_status":"open","ping_status":"open","sticky":false,"template":"","format":"standard","meta":{"_monsterinsights_skip_tracking":false,"_monsterinsights_sitenote_active":false,"_monsterinsights_sitenote_note":"","_monsterinsights_sitenote_category":0,"footnotes":""},"categories":[154],"tags":[21976,950,180],"class_list":["post-87475","post","type-post","status-publish","format-standard","has-post-thumbnail","hentry","category-veracruz","tag-arbol-de-la-memoria","tag-desaparecidos","tag-veracruz","wp-image-borders"],"amp_enabled":true,"_links":{"self":[{"href":"https:\/\/nvnoticias.mx\/index.php\/wp-json\/wp\/v2\/posts\/87475","targetHints":{"allow":["GET"]}}],"collection":[{"href":"https:\/\/nvnoticias.mx\/index.php\/wp-json\/wp\/v2\/posts"}],"about":[{"href":"https:\/\/nvnoticias.mx\/index.php\/wp-json\/wp\/v2\/types\/post"}],"author":[{"embeddable":true,"href":"https:\/\/nvnoticias.mx\/index.php\/wp-json\/wp\/v2\/users\/8"}],"replies":[{"embeddable":true,"href":"https:\/\/nvnoticias.mx\/index.php\/wp-json\/wp\/v2\/comments?post=87475"}],"version-history":[{"count":1,"href":"https:\/\/nvnoticias.mx\/index.php\/wp-json\/wp\/v2\/posts\/87475\/revisions"}],"predecessor-version":[{"id":87478,"href":"https:\/\/nvnoticias.mx\/index.php\/wp-json\/wp\/v2\/posts\/87475\/revisions\/87478"}],"wp:featuredmedia":[{"embeddable":true,"href":"https:\/\/nvnoticias.mx\/index.php\/wp-json\/wp\/v2\/media\/87477"}],"wp:attachment":[{"href":"https:\/\/nvnoticias.mx\/index.php\/wp-json\/wp\/v2\/media?parent=87475"}],"wp:term":[{"taxonomy":"category","embeddable":true,"href":"https:\/\/nvnoticias.mx\/index.php\/wp-json\/wp\/v2\/categories?post=87475"},{"taxonomy":"post_tag","embeddable":true,"href":"https:\/\/nvnoticias.mx\/index.php\/wp-json\/wp\/v2\/tags?post=87475"}],"curies":[{"name":"wp","href":"https:\/\/api.w.org\/{rel}","templated":true}]}}