{"id":87416,"date":"2022-12-21T16:59:37","date_gmt":"2022-12-21T22:59:37","guid":{"rendered":"https:\/\/nvnoticias.mx\/?p=87416"},"modified":"2022-12-21T17:01:27","modified_gmt":"2022-12-21T23:01:27","slug":"panificadoras-de-veracruz-se-beneficiaran-del-alza-al-pan-de-caja","status":"publish","type":"post","link":"https:\/\/nvnoticias.mx\/index.php\/2022\/12\/21\/panificadoras-de-veracruz-se-beneficiaran-del-alza-al-pan-de-caja\/","title":{"rendered":"Panificadoras de Veracruz se beneficiar\u00e1n del alza al pan de caja"},"content":{"rendered":"\n<p><strong>Jes\u00fas Utrilla \/ NV Noticias<\/strong><\/p>\n\n\n\n<p>Las panificadoras veracruzanas son buena opci\u00f3n ante alza del pan de caja, se\u00f1al\u00f3 Bichir Nahum Lajud, integrante de la C\u00e1mara Nacional de la Industria Panificadora y Similares de M\u00e9xico.<\/p>\n\n\n\n<p>Dijo que los precios de las panader\u00edas locales siguen siendo accesibles para los consumidores y es que la industrial del pan de caja puso en vigor nuevos precios.<\/p>\n\n\n\n<p>Dijo que las panader\u00edas de Veracruz sobrevivieron a la turbulencia del precio de los granos y aunque el precio parezca elevado, con lo que ha subido todo est\u00e1 asequible para las personas.<\/p>\n\n\n\n<p>Cabe recordar que los precios del pan de caja a partir de esta semana cuesta entre los 36 y 56 pesos, dependiendo el tama\u00f1o del paquete.<\/p>\n\n\n\n<p>Bichir Nahum Lajud admiti\u00f3 que dijo ajuste beneficiar\u00e1 a los panaderos locales porque su producto es m\u00e1s econ\u00f3mico.<\/p>\n\n\n\n<blockquote class=\"wp-block-quote is-layout-flow wp-block-quote-is-layout-flow\"><p>\u201c<em>Si nos beneficia pero no lo esencial sino que el pan en general, el de panificadora, ha quedado accesible a la canasta b\u00e1sica, al alcance del salario del mexicano porque es nutritivo, es grande, te quita el hambre, te nutre. Un desayuno sin una pieza del pan quedas un poco falto de comida<\/em>\u201d.<\/p><\/blockquote>\n\n\n\n<p>Nahum Lajud reiter\u00f3 que las panader\u00edas de Veracruz ya hab\u00edan ajustado el precio de su producto y actualmente cuesta la micha o pan de agua 4 pesos la pieza y el pan dulce entre 9 y 12 pesos dependiendo el tipo de pieza.<\/p>\n","protected":false},"excerpt":{"rendered":"<p>Jes\u00fas Utrilla \/ NV Noticias Las panificadoras veracruzanas son buena opci\u00f3n ante alza del pan de caja, se\u00f1al\u00f3 Bichir Nahum Lajud, integrante de la C\u00e1mara Nacional de la Industria Panificadora y Similares de M\u00e9xico. Dijo que los precios de las panader\u00edas locales siguen siendo accesibles para los consumidores y es que la industrial del pan [&hellip;]<\/p>\n","protected":false},"author":8,"featured_media":87418,"comment_status":"open","ping_status":"open","sticky":false,"template":"","format":"standard","meta":{"_monsterinsights_skip_tracking":false,"_monsterinsights_sitenote_active":false,"_monsterinsights_sitenote_note":"","_monsterinsights_sitenote_category":0,"footnotes":""},"categories":[154],"tags":[20712,180],"class_list":["post-87416","post","type-post","status-publish","format-standard","has-post-thumbnail","hentry","category-veracruz","tag-panificadoras","tag-veracruz","wp-image-borders"],"amp_enabled":true,"_links":{"self":[{"href":"https:\/\/nvnoticias.mx\/index.php\/wp-json\/wp\/v2\/posts\/87416","targetHints":{"allow":["GET"]}}],"collection":[{"href":"https:\/\/nvnoticias.mx\/index.php\/wp-json\/wp\/v2\/posts"}],"about":[{"href":"https:\/\/nvnoticias.mx\/index.php\/wp-json\/wp\/v2\/types\/post"}],"author":[{"embeddable":true,"href":"https:\/\/nvnoticias.mx\/index.php\/wp-json\/wp\/v2\/users\/8"}],"replies":[{"embeddable":true,"href":"https:\/\/nvnoticias.mx\/index.php\/wp-json\/wp\/v2\/comments?post=87416"}],"version-history":[{"count":2,"href":"https:\/\/nvnoticias.mx\/index.php\/wp-json\/wp\/v2\/posts\/87416\/revisions"}],"predecessor-version":[{"id":87421,"href":"https:\/\/nvnoticias.mx\/index.php\/wp-json\/wp\/v2\/posts\/87416\/revisions\/87421"}],"wp:featuredmedia":[{"embeddable":true,"href":"https:\/\/nvnoticias.mx\/index.php\/wp-json\/wp\/v2\/media\/87418"}],"wp:attachment":[{"href":"https:\/\/nvnoticias.mx\/index.php\/wp-json\/wp\/v2\/media?parent=87416"}],"wp:term":[{"taxonomy":"category","embeddable":true,"href":"https:\/\/nvnoticias.mx\/index.php\/wp-json\/wp\/v2\/categories?post=87416"},{"taxonomy":"post_tag","embeddable":true,"href":"https:\/\/nvnoticias.mx\/index.php\/wp-json\/wp\/v2\/tags?post=87416"}],"curies":[{"name":"wp","href":"https:\/\/api.w.org\/{rel}","templated":true}]}}