{"id":87409,"date":"2022-12-21T16:18:53","date_gmt":"2022-12-21T22:18:53","guid":{"rendered":"https:\/\/nvnoticias.mx\/?p=87409"},"modified":"2022-12-21T16:18:54","modified_gmt":"2022-12-21T22:18:54","slug":"pele-recibe-ahora-cuidados-por-disfunciones-renales-y-cardiacas","status":"publish","type":"post","link":"https:\/\/nvnoticias.mx\/index.php\/2022\/12\/21\/pele-recibe-ahora-cuidados-por-disfunciones-renales-y-cardiacas\/","title":{"rendered":"Pel\u00e9 recibe ahora cuidados por &#8220;disfunciones renales y card\u00edacas&#8221;"},"content":{"rendered":"\n<p>El astro brasile\u00f1o\u00a0Edson Arantes do Nascimento &#8216;Pel\u00e9&#8217;,\u00a0hospitalizado desde hace tres semanas en Sao Paulo, est\u00e1 recibiendo cuidados relacionados con &#8221;\u00a0disfunciones renales y card\u00edacas&#8221;, informaron este mi\u00e9rcoles sus m\u00e9dicos.<\/p>\n\n\n\n<p>Pel\u00e9,\u00a0en tratamiento por un c\u00e1ncer de colon,\u00a0&#8220;presenta una progresi\u00f3n de la enfermedad oncol\u00f3gica y requiere mayores cuidados relacionados con disfunciones renales y card\u00edacas&#8221;, se\u00f1al\u00f3 el\u00a0Hospital Albert Einstein,\u00a0donde est\u00e1 ingresado desde el pasado 29 de noviembre. <\/p>\n\n\n\n<p>El bolet\u00edn se\u00f1al\u00f3 que el triple campe\u00f3n mundial, de 82 a\u00f1os, &#8220;sigue internado en un cuarto com\u00fan, bajo los cuidados m\u00e9dicos necesarios del equipo m\u00e9dico&#8221;.<\/p>\n\n\n\n<p>Minutos antes, sus hijas informaron que Pel\u00e9 pasar\u00e1 la Navidad en el hospital.<\/p>\n\n\n\n<blockquote class=\"wp-block-quote is-layout-flow wp-block-quote-is-layout-flow\"><p>&#8220;<em>Nuestra Navidad en casa fue suspendida. Decidimos con los m\u00e9dicos, que, por varias razones, ser\u00e1 mejor quedarnos aqu\u00ed, con todos los cuidados m\u00e9dicos<\/em>&#8220;, se\u00f1al\u00f3\u00a0Flavia Arantes\u00a0en un mensaje publicado en sus redes sociales.<\/p><\/blockquote>\n\n\n\n<p>Arantes agradeci\u00f3 &#8220;todo el cari\u00f1o&#8221; recibido de todos los rincones del planeta y, en tono de broma, prometi\u00f3 convertir el cuarto en el que est\u00e1 ingresado su padre &#8220;en un samb\u00f3dromo&#8221; y &#8220;hacer caipirinhas&#8221; para celebrar la Navidad.<\/p>\n\n\n\n<blockquote class=\"wp-block-quote is-layout-flow wp-block-quote-is-layout-flow\"><p>&#8220;<em>El amor por \u00e9l, las historias y vuestras oraciones son un enorme consuelo porque sabemos que no estamos solos<\/em>&#8220;, afirm\u00f3 la hija del exdelantero del Santos y Cosmos, quien asegur\u00f3 que &#8220;la semana que viene&#8221; actualizar\u00e1 el estado de salud del triple campe\u00f3n mundial.<\/p><\/blockquote>\n\n\n\n<p>Pel\u00e9 est\u00e1 ingresado desde hace tres semanas para revaluar el tratamiento de quimioterapia contra\u00a0el tumor en el colon, del que se oper\u00f3 en septiembre de 2021,\u00a0y superar una &#8220;infecci\u00f3n respiratoria&#8221; que se le detect\u00f3 d\u00edas despu\u00e9s.<\/p>\n\n\n\n<p>Pese a su delicada situaci\u00f3n, Pel\u00e9, considerado por muchos el mejor futbolista de la historia, ha mantenido una intensa actividad en sus redes sociales, con la publicaci\u00f3n de diversos mensajes sobre el\u00a0Mundial de Qatar 2022.<\/p>\n\n\n\n<p>En uno de los \u00faltimos felicit\u00f3 a la selecci\u00f3n argentina y a Lionel Messi por conquistar su tercera estrella y reconoci\u00f3 la brillante actuaci\u00f3n del franc\u00e9s\u00a0Kylian Mbapp\u00e9\u00a0en la final del pasado domingo.<\/p>\n\n\n\n<p>Fuente: <a href=\"https:\/\/www.tudn.com\/futbol\/pele-recibe-ahora-cuidados-por-disfunciones-renales-y-cardiacas\">TUDN<\/a><\/p>\n","protected":false},"excerpt":{"rendered":"<p>El astro brasile\u00f1o\u00a0Edson Arantes do Nascimento &#8216;Pel\u00e9&#8217;,\u00a0hospitalizado desde hace tres semanas en Sao Paulo, est\u00e1 recibiendo cuidados relacionados con &#8221;\u00a0disfunciones renales y card\u00edacas&#8221;, informaron este mi\u00e9rcoles sus m\u00e9dicos. Pel\u00e9,\u00a0en tratamiento por un c\u00e1ncer de colon,\u00a0&#8220;presenta una progresi\u00f3n de la enfermedad oncol\u00f3gica y requiere mayores cuidados relacionados con disfunciones renales y card\u00edacas&#8221;, se\u00f1al\u00f3 el\u00a0Hospital Albert Einstein,\u00a0donde [&hellip;]<\/p>\n","protected":false},"author":8,"featured_media":85058,"comment_status":"open","ping_status":"open","sticky":false,"template":"","format":"standard","meta":{"_monsterinsights_skip_tracking":false,"_monsterinsights_sitenote_active":false,"_monsterinsights_sitenote_note":"","_monsterinsights_sitenote_category":0,"footnotes":""},"categories":[159],"tags":[1976,5530,2262],"class_list":["post-87409","post","type-post","status-publish","format-standard","has-post-thumbnail","hentry","category-deportes","tag-brasil","tag-hospitalizacion","tag-pele","wp-image-borders"],"amp_enabled":true,"_links":{"self":[{"href":"https:\/\/nvnoticias.mx\/index.php\/wp-json\/wp\/v2\/posts\/87409","targetHints":{"allow":["GET"]}}],"collection":[{"href":"https:\/\/nvnoticias.mx\/index.php\/wp-json\/wp\/v2\/posts"}],"about":[{"href":"https:\/\/nvnoticias.mx\/index.php\/wp-json\/wp\/v2\/types\/post"}],"author":[{"embeddable":true,"href":"https:\/\/nvnoticias.mx\/index.php\/wp-json\/wp\/v2\/users\/8"}],"replies":[{"embeddable":true,"href":"https:\/\/nvnoticias.mx\/index.php\/wp-json\/wp\/v2\/comments?post=87409"}],"version-history":[{"count":1,"href":"https:\/\/nvnoticias.mx\/index.php\/wp-json\/wp\/v2\/posts\/87409\/revisions"}],"predecessor-version":[{"id":87410,"href":"https:\/\/nvnoticias.mx\/index.php\/wp-json\/wp\/v2\/posts\/87409\/revisions\/87410"}],"wp:featuredmedia":[{"embeddable":true,"href":"https:\/\/nvnoticias.mx\/index.php\/wp-json\/wp\/v2\/media\/85058"}],"wp:attachment":[{"href":"https:\/\/nvnoticias.mx\/index.php\/wp-json\/wp\/v2\/media?parent=87409"}],"wp:term":[{"taxonomy":"category","embeddable":true,"href":"https:\/\/nvnoticias.mx\/index.php\/wp-json\/wp\/v2\/categories?post=87409"},{"taxonomy":"post_tag","embeddable":true,"href":"https:\/\/nvnoticias.mx\/index.php\/wp-json\/wp\/v2\/tags?post=87409"}],"curies":[{"name":"wp","href":"https:\/\/api.w.org\/{rel}","templated":true}]}}