{"id":8735,"date":"2021-03-24T08:02:45","date_gmt":"2021-03-24T14:02:45","guid":{"rendered":"https:\/\/nvnoticias.mx\/?p=8735"},"modified":"2021-03-24T08:02:46","modified_gmt":"2021-03-24T14:02:46","slug":"el-otro-preso","status":"publish","type":"post","link":"https:\/\/nvnoticias.mx\/index.php\/2021\/03\/24\/el-otro-preso\/","title":{"rendered":"El otro preso\u2026"},"content":{"rendered":"\n<p class=\"has-text-align-right\"><strong>Ricardo Chua<\/strong><\/p>\n\n\n\n<p>Cuentan que la detenci\u00f3n en Coatzacoalcos del l\u00edder del CATEM y de Fuerza Social M\u00e9xico en esa regi\u00f3n sur, Jes\u00fas Ram\u00f3n Ortiz Cisneros, sin asegurar que sea un preso pol\u00edtico del mismo r\u00e9gimen, dado que CATEM es la central obrera ligada a MORENA\u2026 Se debe a que este personaje tiene el verdadero poder del voto &#8220;obradoricista&#8221; entre los gremios sindicales de la zona, que eso divide a los Morenos y la decisi\u00f3n sobre quienes ser\u00e1n los candidatos a diputados federales y locales\u2026 ASPTM\u2026<\/p>\n\n\n\n<p>Se rumora que esta situaci\u00f3n pone en riesgo la elecci\u00f3n federal en los distritos de la zona sur\u2026 Y, que por ello, la detenci\u00f3n fue operada y ordenada PRESUNTAMENTE por el m\u00e1s alto nivel del gobierno federal\u2026 De comprobarse que esta acci\u00f3n legal, tiene tinte pol\u00edtica\u2026 La lectura que da MORENA y el gobierno queda clara: Cualquiera que les ESTORBE en sus candidaturas a diputados, se la van aplicar\u2026 Sea del partido que sea o tambi\u00e9n de la misma casa\u2026 NI PERD\u00d3N, MENOS OLVIDO\u2026 AMEN\u2026<\/p>\n\n\n\n<p>XALAPA, EL INFIERNO DE MARKO CORT\u00c9S\u2026 &#8220;El Garganta Profunda Azul&#8221; m\u00e1s poderosa del PAN en Veracruz, cuenta que la molestia del PRI y PRD con la dirigencia nacional de este partido, es porque ha pasado el tiempo y NO PUEDEN CONCRETAR si habr\u00e1 alianza opositora por la alcald\u00eda de Xalapa\u2026 Algo que les urge saber y m\u00e1s ahora, que es un hecho que Ricardo Ahued ser\u00e1 el candidato de MORENA a la presidencia municipal.. Ahora que el Senado le concedi\u00f3 la licencia al cargo\u2026 Y el PAN, no se decide\u2026<\/p>\n\n\n\n<p>A pesar que muchos ACTORES pol\u00edticos del priismo\u2026 Se\u00f1alan que son Los Yunes &#8220;Azules&#8221; los que est\u00e1n presionando para que la ALIANZA no se de en la capital del Estado y sea Sergio Hern\u00e1ndez, el candidato a la alcald\u00eda\u2026 Nos comenta &#8220;Garganta Profunda&#8221; que esto puede tener otro ORIGEN, que si bien es cierto va ligado con los Yunes panista, pero que en realidad, es una decisi\u00f3n que Marko Cort\u00e9s, el dirigente nacional del PAN, no ha querido y ni quiere tomar\u2026 Pesan m\u00e1s sus intereses personales, que lograr la democracia en Veracruz\u2026<\/p>\n\n\n\n<p>Ya que resulta que entre Marko Cort\u00e9s y Ricardo Anaya, que se han unido con dos fines pol\u00edticos\u2026 Marko para buscar la reelecci\u00f3n a la presidencia del CEN panista y Anaya porque desea ser el candidato Presidencial en 2024\u2026 Y en ese sentido, NINGUNO de los DOS quiere quedar mal con Los Yunes &#8220;Azules&#8221; por todo lo que representan al interior del PAN en Veracruz y que son claves para sus fines pol\u00edticos\u2026 Y como Miguel apoya a &#8220;He Man&#8221; Hern\u00e1ndez, pues, la decisi\u00f3n de ir en alianza o no, se puede decir que est\u00e1 en el aire\u2026<\/p>\n\n\n\n<p>En pocas palabras\u2026. Anaya &#8220;aprieta&#8221; a Marko para que no vayan contra los intereses de Los Yunes Azules\u2026 Y mientras no queden bien &#8220;amarrados&#8221; sus temas, al menos, en la reelecci\u00f3n de Marko en el PAN\u2026 Les vale &#8220;mayes&#8221; Xalapa y sus alrededores\u2026 Lo que suceda en esa elecci\u00f3n no les interesa\u2026 Si pueden ganar o no a MORENA la capital de Veracruz\u2026 Mientras no contravengan a los Yunes\u2026 Xalapa y su coalici\u00f3n opositora junto con David Velasco Chedraui\u2026 Se pueden ir por un &#8220;tubo&#8221;\u2026 Haiga como haiga sido\u2026<\/p>\n\n\n\n<p>As\u00ed que finalmente, el &#8220;tamal&#8221; michoacano de Marko est\u00e1 descubierto en Veracruz\u2026 Quiere congraciarse de nuevo con Fernando y Miguel \u00c1ngel Yunes (Pap\u00e1 e hijo), entonces, toman la &#8220;salom\u00f3nica&#8221; decisi\u00f3n de esperar, que en Veracruz, se pongan de acuerdo con el tema Xalapa\u2026 As\u00ed ni \u00e9l, ni Ricardo Anaya, salen &#8220;lesionados&#8221; de sus aspiraciones nacionales dentro del PAN\u2026 Necesitan esa militancia interna que le es leal a los Yunes y el mill\u00f3n 400 mil votos que consigui\u00f3 Miguel junior en 2018\u2026 AS\u00cd SEA\u2026<\/p>\n\n\n\n<p>Por lo que toca a Sergio Hern\u00e1ndez, digamos que \u00e9l puede aprovecharse de esa situaci\u00f3n y en su momento &#8220;venderse m\u00e1s caro&#8221; al PAN y la alianza&#8230; Ya que en realidad, m\u00e1s que quererlo Marko y Anaya\u2026 Lo ocupan como &#8220;carne de ca\u00f1\u00f3n&#8221;\u2026 As\u00ed que con esta situaci\u00f3n, el tema de la alianza opositora para la alcald\u00eda de Xalapa, queda al garete por la reelecci\u00f3n de Marko\u2026 Pero tambi\u00e9n por la AMBICI\u00d3N de Sergio Hern\u00e1ndez\u2026 Ya que He Man ni &#8220;likes&#8221; consigue en sus publicaciones en redes sociales\u2026 RICARDO\u2026 BIENVENIDO-WELCOME\u2026<\/p>\n\n\n\n<p>OJO\u2026 Esto no significa que todo pueda estar perdido para Velasco\u2026 Si se pone &#8220;las pilas&#8221;, si busca una alianza con la sociedad adem\u00e1s de lo que le pueda dar el PRI-PRD\u2026 Puede lograr competirle a Ahued\u2026 Ya que si al final, el PAN no va en alianza, es un hecho que las encuestas colocan por debajo a Sergio Hern\u00e1ndez, de \u00e9l y Ahued\u2026 Ah\u00ed es donde puede aprovechar ese &#8220;escollo&#8221; para meterse hasta el fondo en el electorado de Xalapa&#8230; Y olvidarse de Marko y &#8220;Chicken Little&#8221; Anaya\u2026 LAS PELEAS SON ABAJO, ARRIBA SON LOS ACUERDOS\u2026<\/p>\n\n\n\n<p>EL CISNE SOBRE MANCHA.. El \u00faltimo chisme en Tuxpan cuentan los que saben\u2026 Es que a pesar que Pepe Mancha-Do, al final contra todo pron\u00f3stico, logr\u00f3 que el PAN se sumara a la alianza opositora para buscar la alcald\u00eda con el PRI-PRD&#8230; Y que tambi\u00e9n consigui\u00f3 el PERD\u00d3N Y OLVIDO de la familia Aguilar Mancha, donde Juan Antonio es el mun\u00edcipe actual, con los cuales todo tuvo serias diferencias familiares\u2026 Que ni aun as\u00ed, le da para lograr ganar la presidencia municipal.. S\u00f3lo compite pero NO GANA\u2026<\/p>\n\n\n\n<p>El tema fue el desgaste del PAN-PRI y PRD afect\u00f3 su candidatura\u2026 Los problemas familiares trascendieron de lo privado a lo p\u00fablico\u2026 Y en Tuxpan, pueblo chico\u2026 Adem\u00e1s que su primo, el alcalde, Juan Antonio Mancha Alarc\u00f3n tard\u00f3 en respaldar su candidatura\u2026 Ni la presencia de su hermano, Juan Carlos Aguilar Mancha, como su suplente en su planilla, los n\u00fameros le dan\u2026 As\u00ed Alberto &#8220;El Cisne&#8221; Silva se encamina a gobernar el municipio por segunda vez\u2026 La primera con Javier Duarte y ahora con Cuitl\u00e1huac Garc\u00eda\u2026 Cruz\u00f3 el pantano y no se Mancho\u2026 Pero si Des-Mancho\u2026 AMEN\u2026<\/p>\n","protected":false},"excerpt":{"rendered":"<p>Ricardo Chua Cuentan que la detenci\u00f3n en Coatzacoalcos del l\u00edder del CATEM y de Fuerza Social M\u00e9xico en esa regi\u00f3n sur, Jes\u00fas Ram\u00f3n Ortiz Cisneros, sin asegurar que sea un preso pol\u00edtico del mismo r\u00e9gimen, dado que CATEM es la central obrera ligada a MORENA\u2026 Se debe a que este personaje tiene el verdadero poder [&hellip;]<\/p>\n","protected":false},"author":29,"featured_media":8693,"comment_status":"open","ping_status":"open","sticky":false,"template":"","format":"standard","meta":{"_monsterinsights_skip_tracking":false,"_monsterinsights_sitenote_active":false,"_monsterinsights_sitenote_note":"","_monsterinsights_sitenote_category":0,"footnotes":""},"categories":[245],"tags":[327],"class_list":["post-8735","post","type-post","status-publish","format-standard","has-post-thumbnail","hentry","category-dialogos-de-poder","tag-ricardo-chua","wp-image-borders"],"amp_enabled":true,"_links":{"self":[{"href":"https:\/\/nvnoticias.mx\/index.php\/wp-json\/wp\/v2\/posts\/8735","targetHints":{"allow":["GET"]}}],"collection":[{"href":"https:\/\/nvnoticias.mx\/index.php\/wp-json\/wp\/v2\/posts"}],"about":[{"href":"https:\/\/nvnoticias.mx\/index.php\/wp-json\/wp\/v2\/types\/post"}],"author":[{"embeddable":true,"href":"https:\/\/nvnoticias.mx\/index.php\/wp-json\/wp\/v2\/users\/29"}],"replies":[{"embeddable":true,"href":"https:\/\/nvnoticias.mx\/index.php\/wp-json\/wp\/v2\/comments?post=8735"}],"version-history":[{"count":1,"href":"https:\/\/nvnoticias.mx\/index.php\/wp-json\/wp\/v2\/posts\/8735\/revisions"}],"predecessor-version":[{"id":8737,"href":"https:\/\/nvnoticias.mx\/index.php\/wp-json\/wp\/v2\/posts\/8735\/revisions\/8737"}],"wp:featuredmedia":[{"embeddable":true,"href":"https:\/\/nvnoticias.mx\/index.php\/wp-json\/wp\/v2\/media\/8693"}],"wp:attachment":[{"href":"https:\/\/nvnoticias.mx\/index.php\/wp-json\/wp\/v2\/media?parent=8735"}],"wp:term":[{"taxonomy":"category","embeddable":true,"href":"https:\/\/nvnoticias.mx\/index.php\/wp-json\/wp\/v2\/categories?post=8735"},{"taxonomy":"post_tag","embeddable":true,"href":"https:\/\/nvnoticias.mx\/index.php\/wp-json\/wp\/v2\/tags?post=8735"}],"curies":[{"name":"wp","href":"https:\/\/api.w.org\/{rel}","templated":true}]}}