{"id":87343,"date":"2022-12-21T10:49:15","date_gmt":"2022-12-21T16:49:15","guid":{"rendered":"https:\/\/nvnoticias.mx\/?p=87343"},"modified":"2022-12-21T12:07:44","modified_gmt":"2022-12-21T18:07:44","slug":"el-viernes-por-la-manana-podrian-haber-rachas-de-120-kilometros-por-hora","status":"publish","type":"post","link":"https:\/\/nvnoticias.mx\/index.php\/2022\/12\/21\/el-viernes-por-la-manana-podrian-haber-rachas-de-120-kilometros-por-hora\/","title":{"rendered":"El viernes por la ma\u00f1ana podr\u00edan haber rachas de 120 kil\u00f3metros por hora"},"content":{"rendered":"\n<p><strong>Jes\u00fas Utrilla | NV Noticias<\/strong><\/p>\n\n\n\n<p>Alfonso Garc\u00eda Cardona, director de Protecci\u00f3n Civil del Ayuntamiento de Veracruz, llam\u00f3 a los porte\u00f1os a comenzar a preparar, ya que el viernes durante la ma\u00f1ana podr\u00edan alcanzar las rachas 120 kil\u00f3metros por hora producto del Frente Fr\u00edo n\u00famero 19.<\/p>\n\n\n\n<p>Se\u00f1al\u00f3 que hasta el momento se trata de un pron\u00f3stico, pero ma\u00f1ana jueves se podr\u00e1 conocer con mayor exactitud de que velocidad se presentar\u00e1 el fen\u00f3meno natural en los municipios costeros como Veracruz y Boca Del R\u00edo.<\/p>\n\n\n\n<blockquote class=\"wp-block-quote is-layout-flow wp-block-quote-is-layout-flow\"><p>\u201cLos meteor\u00f3logos estaban diciendo que pueden llegar a los 120 kil\u00f3metros las rachas y el jueves se puede tener mayor certidumbre de que velocidad alcanzar\u00e1 este evento del norte\u201d.<\/p><\/blockquote>\n\n\n\n<p>Agreg\u00f3 que es momento de empezar a sujetar todo aquello que pueda salir proyectado en azoteas, construcciones y patios para evitar que alguien salga lastimado.<\/p>\n\n\n\n<p>En lo que resta de la semana permanecer\u00e1n las banderas rojas en las playas y los guardavidas continuar\u00e1n vigilando pues no existen condiciones seguras para introducirse al mar, por el alto oleaje.<\/p>\n\n\n\n<blockquote class=\"wp-block-quote is-layout-flow wp-block-quote-is-layout-flow\"><p>\u201cHay banderas rojas en las playas las cuales son indicativo que no hay condiciones seguras para introducirse al mar, es por ello que los guardavidas est\u00e1n en sus puestos y al pendiente de la gente que se acerca para darle recomendaciones e indicaciones pertinentes\u201d.<\/p><\/blockquote>\n\n\n\n<p>Por otro lado mencion\u00f3 que el evento del norte que a\u00fan se sinti\u00f3 el mi\u00e9rcoles por la ma\u00f1ana gener\u00f3 la ca\u00edda de cinco \u00e1rboles y tres cableados de televisi\u00f3n.<\/p>\n","protected":false},"excerpt":{"rendered":"<p>Jes\u00fas Utrilla | NV Noticias Alfonso Garc\u00eda Cardona, director de Protecci\u00f3n Civil del Ayuntamiento de Veracruz, llam\u00f3 a los porte\u00f1os a comenzar a preparar, ya que el viernes durante la ma\u00f1ana podr\u00edan alcanzar las rachas 120 kil\u00f3metros por hora producto del Frente Fr\u00edo n\u00famero 19. Se\u00f1al\u00f3 que hasta el momento se trata de un pron\u00f3stico, [&hellip;]<\/p>\n","protected":false},"author":35,"featured_media":39556,"comment_status":"open","ping_status":"open","sticky":false,"template":"","format":"standard","meta":{"_monsterinsights_skip_tracking":false,"_monsterinsights_sitenote_active":false,"_monsterinsights_sitenote_note":"","_monsterinsights_sitenote_category":0,"footnotes":""},"categories":[154],"tags":[20626,8334,12746],"class_list":["post-87343","post","type-post","status-publish","format-standard","has-post-thumbnail","hentry","category-veracruz","tag-rachas","tag-viento","tag-viernes","wp-image-borders"],"amp_enabled":true,"_links":{"self":[{"href":"https:\/\/nvnoticias.mx\/index.php\/wp-json\/wp\/v2\/posts\/87343","targetHints":{"allow":["GET"]}}],"collection":[{"href":"https:\/\/nvnoticias.mx\/index.php\/wp-json\/wp\/v2\/posts"}],"about":[{"href":"https:\/\/nvnoticias.mx\/index.php\/wp-json\/wp\/v2\/types\/post"}],"author":[{"embeddable":true,"href":"https:\/\/nvnoticias.mx\/index.php\/wp-json\/wp\/v2\/users\/35"}],"replies":[{"embeddable":true,"href":"https:\/\/nvnoticias.mx\/index.php\/wp-json\/wp\/v2\/comments?post=87343"}],"version-history":[{"count":1,"href":"https:\/\/nvnoticias.mx\/index.php\/wp-json\/wp\/v2\/posts\/87343\/revisions"}],"predecessor-version":[{"id":87344,"href":"https:\/\/nvnoticias.mx\/index.php\/wp-json\/wp\/v2\/posts\/87343\/revisions\/87344"}],"wp:featuredmedia":[{"embeddable":true,"href":"https:\/\/nvnoticias.mx\/index.php\/wp-json\/wp\/v2\/media\/39556"}],"wp:attachment":[{"href":"https:\/\/nvnoticias.mx\/index.php\/wp-json\/wp\/v2\/media?parent=87343"}],"wp:term":[{"taxonomy":"category","embeddable":true,"href":"https:\/\/nvnoticias.mx\/index.php\/wp-json\/wp\/v2\/categories?post=87343"},{"taxonomy":"post_tag","embeddable":true,"href":"https:\/\/nvnoticias.mx\/index.php\/wp-json\/wp\/v2\/tags?post=87343"}],"curies":[{"name":"wp","href":"https:\/\/api.w.org\/{rel}","templated":true}]}}