{"id":87281,"date":"2022-12-20T14:23:47","date_gmt":"2022-12-20T20:23:47","guid":{"rendered":"https:\/\/nvnoticias.mx\/?p=87281"},"modified":"2022-12-20T14:23:49","modified_gmt":"2022-12-20T20:23:49","slug":"estrecha-comite-del-6-de-enero-cerco-judicial-sobre-trump","status":"publish","type":"post","link":"https:\/\/nvnoticias.mx\/index.php\/2022\/12\/20\/estrecha-comite-del-6-de-enero-cerco-judicial-sobre-trump\/","title":{"rendered":"Estrecha Comit\u00e9 del 6 de enero cerco judicial sobre Trump"},"content":{"rendered":"\n<p><strong>Nada de lo que pas\u00f3 el 6 de enero de 2021 hubiera sucedido sin Donald Trump, afirma el comit\u00e9 legislativo que investiga esos hechos y que en v\u00edsperas de publicar el mi\u00e9rcoles su informe final ha dejado claro que el expresidente deber\u00eda ser procesado, estrechando as\u00ed el c\u00edrculo judicial en su contra.<\/strong><\/p>\n\n\n\n<p>Al exmandatario republicano se le ve culpable de cuatro delitos: incitaci\u00f3n a la insurrecci\u00f3n, obstrucci\u00f3n de un procedimiento oficial del Congreso, intento de fraude a Estados Unidos y conspiraci\u00f3n para presentar falsos testimonios electorales al Congreso y los Archivos Nacionales.<\/p>\n\n\n\n<p>Sus recomendaciones al Departamento de Justicia no son vinculantes. El comit\u00e9 no tiene potestad para imputar y el Departamento de Justicia ya lleva a cabo su propia investigaci\u00f3n, pero su acusaci\u00f3n tiene una importante carga simb\u00f3lica, porque es la primera vez que un comit\u00e9 parlamentario sugiere hacer responsable penalmente a un expresidente.<\/p>\n\n\n\n<p>\u201cLas recomendaciones tambi\u00e9n tienen relevancia para la opini\u00f3n p\u00fablica. Es algo inmenso que un comit\u00e9 legislativo acuse formalmente a un expresidente de cometer delitos, especialmente cuando ese comit\u00e9 incluye a miembros de su partido pol\u00edtico\u201d, explica a EFE Rick Hasen, profesor de Derecho y Ciencias Pol\u00edticas en la Universidad Universidad de California Los \u00c1ngeles (UCLA).<\/p>\n\n\n\n<p>El comit\u00e9, formado en julio de 2021, est\u00e1 integrado por siete legisladores dem\u00f3cratas y otros dos republicanos: Liz Cheney y Adam Kinzinger.<\/p>\n\n\n\n<p>El Departamento de Justicia no est\u00e1 forzado a contestar y al estar investigando ya lo sucedido el principal beneficio de las conclusiones aportadas es que faciliten pruebas que podr\u00edan resultar \u00fatiles para un eventual procesamiento.<\/p>\n\n\n\n<p>Pruebas, seg\u00fan a\u00f1ade Rick Pildes, profesor de Derecho Constitucional en la Facultad de Derecho de Nueva York, que el Departamento de Justicia no haya obtenido a trav\u00e9s de sus propias pesquisas. Desde ese departamento declinaron hacer comentarios a EFE.<\/p>\n\n\n\n<p>Fuente:<a href=\"https:\/\/www.forbes.com.mx\/comite-del-6-de-enero-estrecha-cerco-judicial-sobre-trump\/\" data-type=\"URL\" data-id=\"https:\/\/www.forbes.com.mx\/comite-del-6-de-enero-estrecha-cerco-judicial-sobre-trump\/\"> Forbes<\/a><\/p>\n","protected":false},"excerpt":{"rendered":"<p>Nada de lo que pas\u00f3 el 6 de enero de 2021 hubiera sucedido sin Donald Trump, afirma el comit\u00e9 legislativo que investiga esos hechos y que en v\u00edsperas de publicar el mi\u00e9rcoles su informe final ha dejado claro que el expresidente deber\u00eda ser procesado, estrechando as\u00ed el c\u00edrculo judicial en su contra. Al exmandatario republicano [&hellip;]<\/p>\n","protected":false},"author":35,"featured_media":1694,"comment_status":"open","ping_status":"open","sticky":false,"template":"","format":"standard","meta":{"_monsterinsights_skip_tracking":false,"_monsterinsights_sitenote_active":false,"_monsterinsights_sitenote_note":"","_monsterinsights_sitenote_category":0,"footnotes":""},"categories":[181],"tags":[4566,230,20379],"class_list":["post-87281","post","type-post","status-publish","format-standard","has-post-thumbnail","hentry","category-internacional","tag-comite","tag-donald-trump","tag-estrecha","wp-image-borders"],"amp_enabled":true,"_links":{"self":[{"href":"https:\/\/nvnoticias.mx\/index.php\/wp-json\/wp\/v2\/posts\/87281","targetHints":{"allow":["GET"]}}],"collection":[{"href":"https:\/\/nvnoticias.mx\/index.php\/wp-json\/wp\/v2\/posts"}],"about":[{"href":"https:\/\/nvnoticias.mx\/index.php\/wp-json\/wp\/v2\/types\/post"}],"author":[{"embeddable":true,"href":"https:\/\/nvnoticias.mx\/index.php\/wp-json\/wp\/v2\/users\/35"}],"replies":[{"embeddable":true,"href":"https:\/\/nvnoticias.mx\/index.php\/wp-json\/wp\/v2\/comments?post=87281"}],"version-history":[{"count":1,"href":"https:\/\/nvnoticias.mx\/index.php\/wp-json\/wp\/v2\/posts\/87281\/revisions"}],"predecessor-version":[{"id":87282,"href":"https:\/\/nvnoticias.mx\/index.php\/wp-json\/wp\/v2\/posts\/87281\/revisions\/87282"}],"wp:featuredmedia":[{"embeddable":true,"href":"https:\/\/nvnoticias.mx\/index.php\/wp-json\/wp\/v2\/media\/1694"}],"wp:attachment":[{"href":"https:\/\/nvnoticias.mx\/index.php\/wp-json\/wp\/v2\/media?parent=87281"}],"wp:term":[{"taxonomy":"category","embeddable":true,"href":"https:\/\/nvnoticias.mx\/index.php\/wp-json\/wp\/v2\/categories?post=87281"},{"taxonomy":"post_tag","embeddable":true,"href":"https:\/\/nvnoticias.mx\/index.php\/wp-json\/wp\/v2\/tags?post=87281"}],"curies":[{"name":"wp","href":"https:\/\/api.w.org\/{rel}","templated":true}]}}