{"id":87273,"date":"2022-12-20T13:28:55","date_gmt":"2022-12-20T19:28:55","guid":{"rendered":"https:\/\/nvnoticias.mx\/?p=87273"},"modified":"2022-12-20T13:28:56","modified_gmt":"2022-12-20T19:28:56","slug":"federacion-francesa-presentara-denuncia-por-insultos-racistas-a-sus-jugadores","status":"publish","type":"post","link":"https:\/\/nvnoticias.mx\/index.php\/2022\/12\/20\/federacion-francesa-presentara-denuncia-por-insultos-racistas-a-sus-jugadores\/","title":{"rendered":"Federaci\u00f3n francesa presentar\u00e1 denuncia por insultos racistas a sus jugadores"},"content":{"rendered":"\n<p>La\u00a0Federaci\u00f3n Francesa de F\u00fatbol (FFF)\u00a0denunciar\u00e1 los\u00a0insultos racistas proferidos en las redes sociales contra sus jugadores\u00a0tras la\u00a0derrota contra Argentina en la final del Mundial de Qatar 2022.<\/p>\n\n\n\n<blockquote class=\"wp-block-quote is-layout-flow wp-block-quote-is-layout-flow\"><p>&#8220;<em>Tras la final de la Copa del Mundo, varios jugadores del equipo de Francia fueron objeto de declaraciones racistas, odiosas e inaceptables en las redes sociales. La FFF los condena y va a presentar denuncias contra sus autores<\/em>&#8220;, transmiti\u00f3 a trav\u00e9s de Twitter la FFF.<\/p><\/blockquote>\n\n\n\n<p>Por el momento, la Federaci\u00f3n no ha dado a conocer m\u00e1s detalles sobre estas querellas ni sobre c\u00f3mo se va a identificar a los responsables de los comentarios de odio.<\/p>\n\n\n\n<p>Los insultos racistas afectaron sobre todo a jugadores como\u00a0Kingsley Coman\u00a0o\u00a0Aur\u00e9lien Tchouam\u00e9ni, quienes fallaron sus respectivos penaltis en la ronda final, o incluso\u00a0Randal Kolo Muani,\u00a0que tuvo una ocasi\u00f3n en el tiempo de descuento de la pr\u00f3rroga que podr\u00eda haber sido decisiva.<\/p>\n\n\n\n<p>Ya en 2021, en la\u00a0Eurocopa,\u00a0el delantero\u00a0Kylian Mbapp\u00e9\u00a0fue tambi\u00e9n v\u00edctima de una catarata de comentarios de este tipo tras fallar un penalti ante\u00a0Suiza\u00a0en los Octavos de Final.<\/p>\n\n\n\n<p>Tras aquellos incidentes, la superestrella de los &#8220;Bleus&#8221; reproch\u00f3 a la FFF su inacci\u00f3n y falta de apoyo.<\/p>\n\n\n\n<p>Fuente: <a href=\"https:\/\/www.tudn.com\/futbol\/mundial-qatar-2022\/federacion-francesa-presentara-denuncia-por-insultos-racistas-a-sus-jugadores\">TUDN <\/a><\/p>\n","protected":false},"excerpt":{"rendered":"<p>La\u00a0Federaci\u00f3n Francesa de F\u00fatbol (FFF)\u00a0denunciar\u00e1 los\u00a0insultos racistas proferidos en las redes sociales contra sus jugadores\u00a0tras la\u00a0derrota contra Argentina en la final del Mundial de Qatar 2022. &#8220;Tras la final de la Copa del Mundo, varios jugadores del equipo de Francia fueron objeto de declaraciones racistas, odiosas e inaceptables en las redes sociales. La FFF los [&hellip;]<\/p>\n","protected":false},"author":8,"featured_media":87274,"comment_status":"open","ping_status":"open","sticky":false,"template":"","format":"standard","meta":{"_monsterinsights_skip_tracking":false,"_monsterinsights_sitenote_active":false,"_monsterinsights_sitenote_note":"","_monsterinsights_sitenote_category":0,"footnotes":""},"categories":[159],"tags":[206,21937,3432,3669,2632],"class_list":["post-87273","post","type-post","status-publish","format-standard","has-post-thumbnail","hentry","category-deportes","tag-denuncia","tag-federacion-francesa","tag-insultos","tag-jugadores","tag-racismo","wp-image-borders"],"amp_enabled":true,"_links":{"self":[{"href":"https:\/\/nvnoticias.mx\/index.php\/wp-json\/wp\/v2\/posts\/87273","targetHints":{"allow":["GET"]}}],"collection":[{"href":"https:\/\/nvnoticias.mx\/index.php\/wp-json\/wp\/v2\/posts"}],"about":[{"href":"https:\/\/nvnoticias.mx\/index.php\/wp-json\/wp\/v2\/types\/post"}],"author":[{"embeddable":true,"href":"https:\/\/nvnoticias.mx\/index.php\/wp-json\/wp\/v2\/users\/8"}],"replies":[{"embeddable":true,"href":"https:\/\/nvnoticias.mx\/index.php\/wp-json\/wp\/v2\/comments?post=87273"}],"version-history":[{"count":1,"href":"https:\/\/nvnoticias.mx\/index.php\/wp-json\/wp\/v2\/posts\/87273\/revisions"}],"predecessor-version":[{"id":87275,"href":"https:\/\/nvnoticias.mx\/index.php\/wp-json\/wp\/v2\/posts\/87273\/revisions\/87275"}],"wp:featuredmedia":[{"embeddable":true,"href":"https:\/\/nvnoticias.mx\/index.php\/wp-json\/wp\/v2\/media\/87274"}],"wp:attachment":[{"href":"https:\/\/nvnoticias.mx\/index.php\/wp-json\/wp\/v2\/media?parent=87273"}],"wp:term":[{"taxonomy":"category","embeddable":true,"href":"https:\/\/nvnoticias.mx\/index.php\/wp-json\/wp\/v2\/categories?post=87273"},{"taxonomy":"post_tag","embeddable":true,"href":"https:\/\/nvnoticias.mx\/index.php\/wp-json\/wp\/v2\/tags?post=87273"}],"curies":[{"name":"wp","href":"https:\/\/api.w.org\/{rel}","templated":true}]}}