{"id":87174,"date":"2022-12-20T09:47:06","date_gmt":"2022-12-20T15:47:06","guid":{"rendered":"https:\/\/nvnoticias.mx\/?p=87174"},"modified":"2022-12-20T09:47:53","modified_gmt":"2022-12-20T15:47:53","slug":"delinea-ebrard-agenda-para-cumbre-de-lideres-de-america-del-norte","status":"publish","type":"post","link":"https:\/\/nvnoticias.mx\/index.php\/2022\/12\/20\/delinea-ebrard-agenda-para-cumbre-de-lideres-de-america-del-norte\/","title":{"rendered":"Delinea Ebrard agenda para Cumbre de L\u00edderes de Am\u00e9rica del Norte"},"content":{"rendered":"\n<p>Los jefes de Estado de los tres pa\u00edses miembro del Tratado Comercial entre M\u00e9xico, Estados Unidos y Canad\u00e1 se reunir\u00e1n el 10 de enero en la Ciudad de M\u00e9xico, como parte de la cumbre anual de los L\u00edderes de Am\u00e9rica del Norte.<\/p>\n\n\n\n<p>Entre los puntos que abordar\u00e1n los mandatarios, est\u00e1 delinear acciones para 2023 y 2024 para reducir la pobreza y la desigualdad en Am\u00e9rica Latina por los estragos del Covid-19, inform\u00f3 el secretario de Relaciones Exteriores, Marcelo Ebrard.<\/p>\n\n\n\n<p>Otro de los ejes a tratar, dijo, ser\u00e1 la creaci\u00f3n de una Alianza para la prosperidad de los pueblos de las Am\u00e9ricas. De igual forma, con Estados Unidos se tratar\u00e1n los avances en el Plan Sonora para la construcci\u00f3n de plantas solares en el norte del pa\u00eds.<\/p>\n\n\n\n<blockquote class=\"wp-block-quote is-layout-flow wp-block-quote-is-layout-flow\"><p>\u201cLas m\u00e1s relevantes son las acciones a tomar 2023 y 2024 para reducir la pobreza y la desigualdad que est\u00e1 creciendo en las Am\u00e9ricas, por la pandemia, por las desigualdades que hay, es la m\u00e1s importante prioridad.<\/p><\/blockquote>\n\n\n\n<blockquote class=\"wp-block-quote is-layout-flow wp-block-quote-is-layout-flow\"><p>\u201cDesde la parte mexicana se propone, as\u00ed lo ha se\u00f1alado el presidente, que se construya la alianza para ver la prosperidad de los pueblos de Am\u00e9rica. Motivo principal combatir la pobreza y procurar una distribuci\u00f3n de la riqueza m\u00e1s igualitaria\u201d, expuso el canciller.<\/p><\/blockquote>\n\n\n\n<p>Ebrard detall\u00f3 que el presidente Andr\u00e9s Manuel L\u00f3pez Obrador sostendr\u00e1 encuentros bilaterales con sus hom\u00f3logos, Joe Biden y Justin Trudeau, representantes de Estados Unidos y Canad\u00e1, respectivamente, el 9 y 11 de enero.<\/p>\n\n\n\n<blockquote class=\"wp-block-quote is-layout-flow wp-block-quote-is-layout-flow\"><p>\u201cLos temas primordiales de esta cumbre, primero diversidad, equidad e inclusi\u00f3n; c\u00f3mo construimos sociedades que sean as\u00ed equitativas y que incluyan a todos y a todas; segundo tema, es medio ambiente; tercer tema, competitividad; cuarto, migraci\u00f3n y desarrollo; quinto, salud; sexto, es la seguridad com\u00fan\u201d, apunt\u00f3.<\/p><\/blockquote>\n\n\n\n<p>Sobre el Plan Sonora, el presidente L\u00f3pez Obrador dijo que se tiene estimada una inversi\u00f3n hacia 2030 de 48 millones de d\u00f3lares para el desarrollo de energ\u00edas limpias como la construcci\u00f3n de plantas solares.<\/p>\n\n\n\n<p>El mandatario federal se\u00f1al\u00f3 que como parte del fortalecimiento de Arizona, Estados Unidos har\u00e1 fuertes inversiones a fin de detonar el desarrollo de la industria automotriz limpia.<\/p>\n\n\n\n<blockquote class=\"wp-block-quote is-layout-flow wp-block-quote-is-layout-flow\"><p>\u201cSon alrededor de 500 kil\u00f3metros de frontera con Arizona. El gobierno de Estados Unidos decidi\u00f3 fortalecer a Arizona como un centro para elaborar, para construir los chips conductores y van a invertir mucho en Arizona que es el estado de la Uni\u00f3n Americana lim\u00edtrofe con Sonora.<\/p><\/blockquote>\n\n\n\n<blockquote class=\"wp-block-quote is-layout-flow wp-block-quote-is-layout-flow\"><p>\u201cTodo esto pensando en la industria automotriz y en cumplir con el prop\u00f3sito de que para 2030 ya puedan utilizarse m\u00e1s veh\u00edculos el\u00e9ctricos en Estados Unidos. Entonces, en Sonora, se tiene energ\u00eda el\u00e9ctrica, ya se comenz\u00f3 a hacer una planta solar en Pe\u00f1asco\u201d, detall\u00f3.<\/p><\/blockquote>\n\n\n\n<p>Fuente: <a href=\"https:\/\/www.forbes.com.mx\/ebrard-delinea-agenda-para-cumbre-de-lideres-de-america-del-norte\/\" data-type=\"URL\" data-id=\"https:\/\/www.forbes.com.mx\/ebrard-delinea-agenda-para-cumbre-de-lideres-de-america-del-norte\/\">Forbes<\/a> <\/p>\n","protected":false},"excerpt":{"rendered":"<p>Los jefes de Estado de los tres pa\u00edses miembro del Tratado Comercial entre M\u00e9xico, Estados Unidos y Canad\u00e1 se reunir\u00e1n el 10 de enero en la Ciudad de M\u00e9xico, como parte de la cumbre anual de los L\u00edderes de Am\u00e9rica del Norte. Entre los puntos que abordar\u00e1n los mandatarios, est\u00e1 delinear acciones para 2023 y [&hellip;]<\/p>\n","protected":false},"author":35,"featured_media":86520,"comment_status":"open","ping_status":"open","sticky":false,"template":"","format":"standard","meta":{"_monsterinsights_skip_tracking":false,"_monsterinsights_sitenote_active":false,"_monsterinsights_sitenote_note":"","_monsterinsights_sitenote_category":0,"footnotes":""},"categories":[158],"tags":[21628,21927,391],"class_list":["post-87174","post","type-post","status-publish","format-standard","has-post-thumbnail","hentry","category-politica","tag-cumbre-de-lideres-de-america-del-norte","tag-delinea","tag-marcelo-ebrard","wp-image-borders"],"amp_enabled":true,"_links":{"self":[{"href":"https:\/\/nvnoticias.mx\/index.php\/wp-json\/wp\/v2\/posts\/87174","targetHints":{"allow":["GET"]}}],"collection":[{"href":"https:\/\/nvnoticias.mx\/index.php\/wp-json\/wp\/v2\/posts"}],"about":[{"href":"https:\/\/nvnoticias.mx\/index.php\/wp-json\/wp\/v2\/types\/post"}],"author":[{"embeddable":true,"href":"https:\/\/nvnoticias.mx\/index.php\/wp-json\/wp\/v2\/users\/35"}],"replies":[{"embeddable":true,"href":"https:\/\/nvnoticias.mx\/index.php\/wp-json\/wp\/v2\/comments?post=87174"}],"version-history":[{"count":3,"href":"https:\/\/nvnoticias.mx\/index.php\/wp-json\/wp\/v2\/posts\/87174\/revisions"}],"predecessor-version":[{"id":87177,"href":"https:\/\/nvnoticias.mx\/index.php\/wp-json\/wp\/v2\/posts\/87174\/revisions\/87177"}],"wp:featuredmedia":[{"embeddable":true,"href":"https:\/\/nvnoticias.mx\/index.php\/wp-json\/wp\/v2\/media\/86520"}],"wp:attachment":[{"href":"https:\/\/nvnoticias.mx\/index.php\/wp-json\/wp\/v2\/media?parent=87174"}],"wp:term":[{"taxonomy":"category","embeddable":true,"href":"https:\/\/nvnoticias.mx\/index.php\/wp-json\/wp\/v2\/categories?post=87174"},{"taxonomy":"post_tag","embeddable":true,"href":"https:\/\/nvnoticias.mx\/index.php\/wp-json\/wp\/v2\/tags?post=87174"}],"curies":[{"name":"wp","href":"https:\/\/api.w.org\/{rel}","templated":true}]}}