{"id":87114,"date":"2022-12-19T13:53:20","date_gmt":"2022-12-19T19:53:20","guid":{"rendered":"https:\/\/nvnoticias.mx\/?p=87114"},"modified":"2022-12-19T13:53:21","modified_gmt":"2022-12-19T19:53:21","slug":"la-peligrosa-inmediatez-mananera","status":"publish","type":"post","link":"https:\/\/nvnoticias.mx\/index.php\/2022\/12\/19\/la-peligrosa-inmediatez-mananera\/","title":{"rendered":"La peligrosa inmediatez ma\u00f1anera"},"content":{"rendered":"\n<p><strong>Ricardo Homs<\/strong><\/p>\n\n\n\n<p>La inmediatez de las decisiones pol\u00edticas es uno de los m\u00e1s graves riesgos de nuestra \u00e9poca, pues provoca inestabilidad. Hoy las opiniones personales de los grandes l\u00edderes pol\u00edticos circulan en tiempo real por redes sociales, aunque hayan sido externadas en un lugar peque\u00f1o, semiprivado o remoto.<\/p>\n\n\n\n<p>La velocidad con que el presidente Trump manifestaba sus opiniones personales a trav\u00e9s de Twitter, -generando gran revuelo internacional-, provoc\u00f3 que su cuenta personal en esta red social se convirtiese en un asunto de estado, -e incluso de seguridad nacional-, que llev\u00f3 a esa empresa a cancelar su cuenta personal.<\/p>\n\n\n\n<p>La inmediatez permite que las percepciones emocionales de un presidente, -o las derivadas de su estado de \u00e1nimo-, se escapen y circulen por las redes sociales sin ninguna restricci\u00f3n, sin haber dado tiempo a la m\u00ednima reflexi\u00f3n, -as\u00ed como a medir consecuencias-, o incluso, a verificar la veracidad del origen de la informaci\u00f3n tratada.<\/p>\n\n\n\n<p>Lo trascendente de este nuevo fen\u00f3meno es que la identidad de los gobernantes no se puede separar de la representatividad pol\u00edtica asociada a su nombre a partir de su cargo. Las opiniones del presidente L\u00f3pez Obrador no pueden ser personales, -aunque \u00e9l lo manifieste as\u00ed-, pues se convierten en un \u201casunto de estado\u201d. Detr\u00e1s de \u00e9l est\u00e1 todo el peso, el poder y la autoridad del Estado Mexicano.<\/p>\n\n\n\n<p>La no inmediatez que hubo hasta hace cuatro a\u00f1os, -hasta el gobierno anterior-, permit\u00eda la toma de decisiones de gobierno a partir de la reflexi\u00f3n, con la \u201ccabeza fr\u00eda\u201d. En contraste, hoy la tecnolog\u00eda dimensiona las opiniones personales de nuestro presidente y las convierte en noticia de impacto global.<\/p>\n\n\n\n<p>El caso de la destituci\u00f3n de Pedro Castillo como presidente de Per\u00fa, -y la postura que est\u00e1 tomando el gobierno mexicano frente a este asunto -, est\u00e1 generando un conflicto grave con ese pa\u00eds.<\/p>\n\n\n\n<p>Desde el Congreso peruano sali\u00f3 un documento pidiendo a nuestro presidente que no intervenga en la problem\u00e1tica que ese pa\u00eds vive desde la destituci\u00f3n del presidente Castillo.<\/p>\n\n\n\n<p>El se\u00f1alamiento que hizo el presidente L\u00f3pez Obrador de las \u201csupuestas fallas antidemocr\u00e1ticas en la Constituci\u00f3n de Per\u00fa\u201d, es grave. \u00bfQu\u00e9 dir\u00edamos nosotros si el presidente de otro pa\u00eds criticase a nuestra Constituci\u00f3n?<\/p>\n\n\n\n<p>La constituci\u00f3n de cualquier pa\u00eds debe ser tratada con el mismo respeto que nosotros exigimos para la nuestra.<\/p>\n\n\n\n<p>Es m\u00e1s, el Congreso de Per\u00fa ha dado una gran lecci\u00f3n de dignidad a nuestros legisladores morenistas y a su s\u00e9quito comparsa, as\u00ed como de responsabilidad y respeto a su constituci\u00f3n.<\/p>\n\n\n\n<p>Mientras que nuestros legisladores aprobaron un bodrio inconstitucional, -con 27 faltas constitucionales-, s\u00f3lo para dar gusto a nuestro presidente, -ellos-, con la autoridad que les da su estado de derecho se levantaron en contra de un presidente que fraguaba un golpe de estado y<\/p>\n\n\n\n<p>orden\u00f3 la disoluci\u00f3n de ese instituto legislativo, para empezar a gobernar con base en sombrerazos y decretazos.<\/p>\n\n\n\n<p>Y las instituciones de Per\u00fa mostraron su fortaleza, pues lograron controlar un incipiente golpe de estado. Un pa\u00eds admirable que ha encarcelado a varios presidentes, -incluso en funciones-, acusados de corrupci\u00f3n.<\/p>\n\n\n\n<p>Las opiniones personales de nuestro presidente, &#8211; expresadas en la inmediatez del tiempo real de las ma\u00f1aneras-, se est\u00e1n convirtiendo en la nueva pol\u00edtica exterior del Estado Mexicano.<\/p>\n\n\n\n<p>En contraste, en el contexto actual de las ma\u00f1aneras, que en tiempo real se convierten en respuestas inmediatas, -incluidos los insultos y las descalificaciones en contra de sus opositores-, se est\u00e1 creando un nuevo modelo de gobernar, de car\u00e1cter unipersonal.<\/p>\n\n\n\n<p>Las ma\u00f1aneras est\u00e1n llevando a que las grandes decisiones de \u201cestado\u201d sean influidas por el \u201cestado de \u00e1nimo\u201d y subjetividad moment\u00e1nea de nuestro presidente, lo cual genera grandes peligros que se est\u00e1n viendo clarificados en el \u00e1mbito de las relaciones internacionales.<\/p>\n\n\n\n<p>Tradicionalmente los gobiernos, -hasta hace poco tiempo-, se tomaban sus tiempos para dar respuestas y ello generaba decisiones racionales, incluso consensuadas entre el presidente, sus secretarios de estado y asesores. De ah\u00ed nace el conocido refr\u00e1n: \u201cLas cosas de palacio van despacio\u201d.<\/p>\n\n\n\n<p>Antes hab\u00eda tiempo de reconsiderar las actitudes iniciales a partir de escuchar a los colaboradores y especialistas que rodeaban a los presidentes de la rep\u00fablica. En contraste, hoy el Estado Mexicano se ha vuelto total y absolutamente unipersonal y medi\u00e1tico, -como nunca antes-, girando alrededor de las percepciones personales, estados de \u00e1nimo e intereses personales de nuestro presidente. Hoy se gobierna con base a declaraciones de prensa.<\/p>\n\n\n\n<p>Es el momento de empezar a considerar que las \u201cma\u00f1aneras\u201d debiesen convertirse en un asunto de estado, pues su formato carece de toda institucionalidad y controles.<\/p>\n\n\n\n<p>Es el espacio personal del presidente, pero su contenido impacta la realidad cotidiana de nuestro pa\u00eds.<\/p>\n\n\n\n<p>UNA NUEVA ERA<\/p>\n\n\n\n<p>El ataque a Ciro G\u00f3mez Leyva inicia una nueva era en los peligros para la libertad de expresi\u00f3n y la integridad de los periodistas.<\/p>\n\n\n\n<p>Antes acredit\u00e1bamos que la violencia en contra de los periodistas se daba en los territorios sin ley de la provincia, donde las autoridades locales en contubernio con el crimen organizado se deshac\u00edan de un periodista inc\u00f3modo.<\/p>\n\n\n\n<p>No hab\u00eda habido un ataque a un periodista de la fama p\u00fablica e influencia medi\u00e1tica nacional de Ciro G\u00f3mez Leyva.<\/p>\n\n\n\n<p>La \u00fanica pregunta que procede es: \u00bfa quien estorba Ciro como para que hayan decidido deshacerse de \u00e9l?<\/p>\n\n\n\n<p>\u00bfA usted qu\u00e9 le parece?<\/p>\n\n\n\n<p>Facebook: @Ricardo.Homs1<\/p>\n\n\n\n<p>Twitter: @homsricardo<\/p>\n\n\n\n<p>Linkedin: Ricardo Homs<\/p>\n\n\n\n<p>www.ricardohoms.com<\/p>\n","protected":false},"excerpt":{"rendered":"<p>Ricardo Homs La inmediatez de las decisiones pol\u00edticas es uno de los m\u00e1s graves riesgos de nuestra \u00e9poca, pues provoca inestabilidad. Hoy las opiniones personales de los grandes l\u00edderes pol\u00edticos circulan en tiempo real por redes sociales, aunque hayan sido externadas en un lugar peque\u00f1o, semiprivado o remoto. La velocidad con que el presidente Trump [&hellip;]<\/p>\n","protected":false},"author":18,"featured_media":87115,"comment_status":"open","ping_status":"open","sticky":false,"template":"","format":"standard","meta":{"_monsterinsights_skip_tracking":false,"_monsterinsights_sitenote_active":false,"_monsterinsights_sitenote_note":"","_monsterinsights_sitenote_category":0,"footnotes":""},"categories":[246],"tags":[173],"class_list":["post-87114","post","type-post","status-publish","format-standard","has-post-thumbnail","hentry","category-ricardo-homs","tag-ricardo-homs","wp-image-borders"],"amp_enabled":true,"_links":{"self":[{"href":"https:\/\/nvnoticias.mx\/index.php\/wp-json\/wp\/v2\/posts\/87114","targetHints":{"allow":["GET"]}}],"collection":[{"href":"https:\/\/nvnoticias.mx\/index.php\/wp-json\/wp\/v2\/posts"}],"about":[{"href":"https:\/\/nvnoticias.mx\/index.php\/wp-json\/wp\/v2\/types\/post"}],"author":[{"embeddable":true,"href":"https:\/\/nvnoticias.mx\/index.php\/wp-json\/wp\/v2\/users\/18"}],"replies":[{"embeddable":true,"href":"https:\/\/nvnoticias.mx\/index.php\/wp-json\/wp\/v2\/comments?post=87114"}],"version-history":[{"count":1,"href":"https:\/\/nvnoticias.mx\/index.php\/wp-json\/wp\/v2\/posts\/87114\/revisions"}],"predecessor-version":[{"id":87116,"href":"https:\/\/nvnoticias.mx\/index.php\/wp-json\/wp\/v2\/posts\/87114\/revisions\/87116"}],"wp:featuredmedia":[{"embeddable":true,"href":"https:\/\/nvnoticias.mx\/index.php\/wp-json\/wp\/v2\/media\/87115"}],"wp:attachment":[{"href":"https:\/\/nvnoticias.mx\/index.php\/wp-json\/wp\/v2\/media?parent=87114"}],"wp:term":[{"taxonomy":"category","embeddable":true,"href":"https:\/\/nvnoticias.mx\/index.php\/wp-json\/wp\/v2\/categories?post=87114"},{"taxonomy":"post_tag","embeddable":true,"href":"https:\/\/nvnoticias.mx\/index.php\/wp-json\/wp\/v2\/tags?post=87114"}],"curies":[{"name":"wp","href":"https:\/\/api.w.org\/{rel}","templated":true}]}}