{"id":87080,"date":"2022-12-19T12:41:38","date_gmt":"2022-12-19T18:41:38","guid":{"rendered":"https:\/\/nvnoticias.mx\/?p=87080"},"modified":"2022-12-19T12:41:39","modified_gmt":"2022-12-19T18:41:39","slug":"madre-que-recupero-a-su-bebe-pide-carcel-para-quien-se-lo-robo","status":"publish","type":"post","link":"https:\/\/nvnoticias.mx\/index.php\/2022\/12\/19\/madre-que-recupero-a-su-bebe-pide-carcel-para-quien-se-lo-robo\/","title":{"rendered":"Madre que recuper\u00f3 a su beb\u00e9 pide c\u00e1rcel para quien se lo rob\u00f3"},"content":{"rendered":"\n<p><strong>Jes\u00fas Utrilla \/ NV Noticias<\/strong><\/p>\n\n\n\n<p>Brenda Lizbeth Canche Casta\u00f1eda, quien recientemente recuper\u00f3 a su beb\u00e9, luego que su suegra se lo robara y lo registrara a su nombre, confi\u00f3 en que las autoridades pronto la aprehendan.<\/p>\n\n\n\n<p>Record\u00f3 que la denunci\u00f3 por la sustracci\u00f3n de su beb\u00e9 y su exesposo por violencia familiar.<\/p>\n\n\n\n<p>Se dijo preocupada de que atenten contra su vida o nuevamente intenten llevarse al ni\u00f1o.<\/p>\n\n\n\n<blockquote class=\"wp-block-quote is-layout-flow wp-block-quote-is-layout-flow\"><p>\u201c<em>Ellos siguen libres, est\u00e1n como si nada y una angustia de que est\u00e1n libres porque viven cerca de mi casa y que me puedan hacer algo y quitar a mi hijo. Ahora s\u00ed estar\u00e9 m\u00e1s a gusto cuando est\u00e9n en la c\u00e1rcel<\/em>\u201d.<\/p><\/blockquote>\n\n\n\n<p>Eithan Danilo ahora ser\u00e1 registrado por su madre con el nombre de Becker Said, naci\u00f3 el 25 de septiembre con una partera no certificada, en Medell\u00edn de Bravo.<\/p>\n\n\n\n<p>El parto sugerencia de su suegra, fue de esa forma, pero en cuanto el beb\u00e9 naci\u00f3 ya no la dejaron salir de ah\u00ed.<\/p>\n\n\n\n<blockquote class=\"wp-block-quote is-layout-flow wp-block-quote-is-layout-flow\"><p>\u201c<em>Segu\u00ed adelante y con los licenciados y gracias a eso se tuvo los resultados de ADN y salieron positivos. Ahora estoy con mi hijo, ahora sigue que estas personas no est\u00e9n en la calle<\/em>\u201d.<\/p><\/blockquote>\n\n\n\n<p>El 12 de octubre abuela paterna se llev\u00f3 al beb\u00e9 y con ayuda de una partera lo registr\u00f3 como propio.<\/p>\n\n\n\n<p>Brenda Lizbeth era v\u00edctimas de abuso y maltrato psicol\u00f3gico de parte de su pareja Brayan &#8216;N&#8217;.<\/p>\n\n\n\n<p>Despu\u00e9s de 23 d\u00edas la abuela lo entreg\u00f3 y desde entonces Eithan Danilo permanec\u00eda en resguardo en el DIF Municipal de Boca del R\u00edo, en espera de que la Fiscal\u00eda General del Estado de Veracruz entregara los resultados de la confronta de perfil gen\u00e9tico del beb\u00e9 y su madre. Finalmente le fue entregado a su mam\u00e1 biol\u00f3gica.<\/p>\n\n\n\n<p>Ella desde el 22 de octubre denunci\u00f3 a su esposo por violencia familiar y el 24 por alteraci\u00f3n de afiliaci\u00f3n y la sustracci\u00f3n del menor.<\/p>\n","protected":false},"excerpt":{"rendered":"<p>Jes\u00fas Utrilla \/ NV Noticias Brenda Lizbeth Canche Casta\u00f1eda, quien recientemente recuper\u00f3 a su beb\u00e9, luego que su suegra se lo robara y lo registrara a su nombre, confi\u00f3 en que las autoridades pronto la aprehendan. Record\u00f3 que la denunci\u00f3 por la sustracci\u00f3n de su beb\u00e9 y su exesposo por violencia familiar. Se dijo preocupada [&hellip;]<\/p>\n","protected":false},"author":8,"featured_media":87082,"comment_status":"open","ping_status":"open","sticky":false,"template":"","format":"standard","meta":{"_monsterinsights_skip_tracking":false,"_monsterinsights_sitenote_active":false,"_monsterinsights_sitenote_note":"","_monsterinsights_sitenote_category":0,"footnotes":""},"categories":[154],"tags":[2340,21914,1869,938],"class_list":["post-87080","post","type-post","status-publish","format-standard","has-post-thumbnail","hentry","category-veracruz","tag-bebe","tag-brenda-lizbeth-canche","tag-carcel","tag-robo","wp-image-borders"],"amp_enabled":true,"_links":{"self":[{"href":"https:\/\/nvnoticias.mx\/index.php\/wp-json\/wp\/v2\/posts\/87080","targetHints":{"allow":["GET"]}}],"collection":[{"href":"https:\/\/nvnoticias.mx\/index.php\/wp-json\/wp\/v2\/posts"}],"about":[{"href":"https:\/\/nvnoticias.mx\/index.php\/wp-json\/wp\/v2\/types\/post"}],"author":[{"embeddable":true,"href":"https:\/\/nvnoticias.mx\/index.php\/wp-json\/wp\/v2\/users\/8"}],"replies":[{"embeddable":true,"href":"https:\/\/nvnoticias.mx\/index.php\/wp-json\/wp\/v2\/comments?post=87080"}],"version-history":[{"count":1,"href":"https:\/\/nvnoticias.mx\/index.php\/wp-json\/wp\/v2\/posts\/87080\/revisions"}],"predecessor-version":[{"id":87083,"href":"https:\/\/nvnoticias.mx\/index.php\/wp-json\/wp\/v2\/posts\/87080\/revisions\/87083"}],"wp:featuredmedia":[{"embeddable":true,"href":"https:\/\/nvnoticias.mx\/index.php\/wp-json\/wp\/v2\/media\/87082"}],"wp:attachment":[{"href":"https:\/\/nvnoticias.mx\/index.php\/wp-json\/wp\/v2\/media?parent=87080"}],"wp:term":[{"taxonomy":"category","embeddable":true,"href":"https:\/\/nvnoticias.mx\/index.php\/wp-json\/wp\/v2\/categories?post=87080"},{"taxonomy":"post_tag","embeddable":true,"href":"https:\/\/nvnoticias.mx\/index.php\/wp-json\/wp\/v2\/tags?post=87080"}],"curies":[{"name":"wp","href":"https:\/\/api.w.org\/{rel}","templated":true}]}}