{"id":87070,"date":"2022-12-19T12:08:52","date_gmt":"2022-12-19T18:08:52","guid":{"rendered":"https:\/\/nvnoticias.mx\/?p=87070"},"modified":"2022-12-19T12:08:52","modified_gmt":"2022-12-19T18:08:52","slug":"plan-b-es-susceptible-de-ser-invalidado-por-la-scjn-ricardo-monreal","status":"publish","type":"post","link":"https:\/\/nvnoticias.mx\/index.php\/2022\/12\/19\/plan-b-es-susceptible-de-ser-invalidado-por-la-scjn-ricardo-monreal\/","title":{"rendered":"Plan B es susceptible de ser invalidado por la SCJN: Ricardo Monreal"},"content":{"rendered":"\n<p>El coordinador de Morena en el Senado de la Rep\u00fablica,\u00a0<strong>Ricardo Monreal \u00c1vila<\/strong>, reafirm\u00f3 que el voto particular que present\u00f3 en contra del\u00a0<strong>Plan B de la reforma electoral<\/strong>\u00a0no es un asunto pol\u00edtico, oportunista o coyuntural, sino una postura de defensa de la\u00a0<strong>Constituci\u00f3n<\/strong>, el Estado de derecho y la democracia.<\/p>\n\n\n\n<p>En un video publicado en redes sociales, el presidente de la Junta de Coordinaci\u00f3n Pol\u00edtica (Jucopo) enfatiza que dicha reforma vulnera los principios constitucionales, por lo que podr\u00eda ser declarado inconstitucional por la Suprema Corte de Justicia de la Naci\u00f3n (<strong>SCJN<\/strong>).<\/p>\n\n\n\n<p>Explica que como legislador protest\u00f3 para cumplir y hacer cumplir la Carta Magna, por lo que el veredicto sobre esta postura lo tiene el pueblo.<\/p>\n\n\n\n<p>Monreal \u00c1vila detall\u00f3 que la reforma presenta 21 aspectos de inconstitucionalidad, inconsistencias, contradicciones y problemas de t\u00e9cnica legislativa sustantivas que \u201cla hacen inviable en sus t\u00e9rminos\u201d.<\/p>\n\n\n\n<p>Fuente:<a href=\"https:\/\/www.eluniversal.com.mx\/nacion\/plan-b-susceptible-de-ser-invalidado-por-la-scjn-reitera-ricardo-monreal\" data-type=\"URL\" data-id=\"https:\/\/www.eluniversal.com.mx\/nacion\/plan-b-susceptible-de-ser-invalidado-por-la-scjn-reitera-ricardo-monreal\"> El Universal<\/a><\/p>\n","protected":false},"excerpt":{"rendered":"<p>El coordinador de Morena en el Senado de la Rep\u00fablica,\u00a0Ricardo Monreal \u00c1vila, reafirm\u00f3 que el voto particular que present\u00f3 en contra del\u00a0Plan B de la reforma electoral\u00a0no es un asunto pol\u00edtico, oportunista o coyuntural, sino una postura de defensa de la\u00a0Constituci\u00f3n, el Estado de derecho y la democracia. En un video publicado en redes sociales, [&hellip;]<\/p>\n","protected":false},"author":35,"featured_media":69914,"comment_status":"open","ping_status":"open","sticky":false,"template":"","format":"standard","meta":{"_monsterinsights_skip_tracking":false,"_monsterinsights_sitenote_active":false,"_monsterinsights_sitenote_note":"","_monsterinsights_sitenote_category":0,"footnotes":""},"categories":[158],"tags":[21911,21068,600,3194,21910],"class_list":["post-87070","post","type-post","status-publish","format-standard","has-post-thumbnail","hentry","category-politica","tag-invalidado","tag-plan-b","tag-ricardo-monreal","tag-scjn","tag-susceptible","wp-image-borders"],"amp_enabled":true,"_links":{"self":[{"href":"https:\/\/nvnoticias.mx\/index.php\/wp-json\/wp\/v2\/posts\/87070","targetHints":{"allow":["GET"]}}],"collection":[{"href":"https:\/\/nvnoticias.mx\/index.php\/wp-json\/wp\/v2\/posts"}],"about":[{"href":"https:\/\/nvnoticias.mx\/index.php\/wp-json\/wp\/v2\/types\/post"}],"author":[{"embeddable":true,"href":"https:\/\/nvnoticias.mx\/index.php\/wp-json\/wp\/v2\/users\/35"}],"replies":[{"embeddable":true,"href":"https:\/\/nvnoticias.mx\/index.php\/wp-json\/wp\/v2\/comments?post=87070"}],"version-history":[{"count":1,"href":"https:\/\/nvnoticias.mx\/index.php\/wp-json\/wp\/v2\/posts\/87070\/revisions"}],"predecessor-version":[{"id":87071,"href":"https:\/\/nvnoticias.mx\/index.php\/wp-json\/wp\/v2\/posts\/87070\/revisions\/87071"}],"wp:featuredmedia":[{"embeddable":true,"href":"https:\/\/nvnoticias.mx\/index.php\/wp-json\/wp\/v2\/media\/69914"}],"wp:attachment":[{"href":"https:\/\/nvnoticias.mx\/index.php\/wp-json\/wp\/v2\/media?parent=87070"}],"wp:term":[{"taxonomy":"category","embeddable":true,"href":"https:\/\/nvnoticias.mx\/index.php\/wp-json\/wp\/v2\/categories?post=87070"},{"taxonomy":"post_tag","embeddable":true,"href":"https:\/\/nvnoticias.mx\/index.php\/wp-json\/wp\/v2\/tags?post=87070"}],"curies":[{"name":"wp","href":"https:\/\/api.w.org\/{rel}","templated":true}]}}