{"id":87063,"date":"2022-12-19T11:37:11","date_gmt":"2022-12-19T17:37:11","guid":{"rendered":"https:\/\/nvnoticias.mx\/?p=87063"},"modified":"2022-12-19T11:37:12","modified_gmt":"2022-12-19T17:37:12","slug":"para-exigir-celeridad-en-las-investigaciones-colocan-arbol-del-dolor-con-rostros-de-desaparecidos","status":"publish","type":"post","link":"https:\/\/nvnoticias.mx\/index.php\/2022\/12\/19\/para-exigir-celeridad-en-las-investigaciones-colocan-arbol-del-dolor-con-rostros-de-desaparecidos\/","title":{"rendered":"Para exigir celeridad en las investigaciones, colocan \u00c1rbol del Dolor con rostros de desaparecidos"},"content":{"rendered":"\n<p><strong>Jes\u00fas Utrilla | NV Noticias<\/strong><br>Integrantes del Colectivo Solecito colocaron el \u00e1rbol del dolor en el z\u00f3calo de la ciudad. Contiene el rostro de las personas desaparecidas que se encuentran en calidad de desaparecidas.<\/p>\n\n\n\n<p>Vicenta Mart\u00ednez Castro, integrante del Colectivo Solecito, dijo que se necesita celeridad en las investigaciones y tambi\u00e9n solidaridad para encontrar pronto a sus hijos, esposos y otros familiares.<\/p>\n\n\n\n<blockquote class=\"wp-block-quote is-layout-flow wp-block-quote-is-layout-flow\"><p>\u201cEs el arbolito del dolor. Aqu\u00ed ponemos nuestros tesoros. Es algo muy doloroso, con este \u00e1rbol estamos conmemorando la ausencia de nuestros hijos\u201d.<\/p><\/blockquote>\n\n\n\n<p>Selene Ortiz, integrante del mismo colectivo, dijo que su esposo desapareci\u00f3 desde el a\u00f1o 2011 y desde entonces no sabe nada de \u00e9l.<\/p>\n\n\n\n<blockquote class=\"wp-block-quote is-layout-flow wp-block-quote-is-layout-flow\"><p>\u201cEstaremos hasta el s\u00e1bado 24 de diciembre, solamente de 10 de la ma\u00f1ana a 5 de la tarde para no afectar el horario de las actividades. Es por la memoria de nuestros familiares y representar el vac\u00edo que hay en nuestras familias en estas fiestas\u201d.<\/p><\/blockquote>\n\n\n\n<p>Las integrantes del Colectivo Solecito se\u00f1alaron que para ellas no hay nada que celebrar en estas fechas pues la prioridad es localizar a sus desaparecidos. <\/p>\n\n\n\n<p>Pero a la vez su protesta es para que ninguna otra familia pierda a un ser querido por desaparici\u00f3n forzada. Exigieron que estos hechos dejen de suscitarse en la entidad veracruzana. Agregaron que este tipo de sucesos no deben olvidarse ya que es una realidad por la que cualquiera puede pasar a menos que las autoridades act\u00faen.<\/p>\n","protected":false},"excerpt":{"rendered":"<p>Jes\u00fas Utrilla | NV NoticiasIntegrantes del Colectivo Solecito colocaron el \u00e1rbol del dolor en el z\u00f3calo de la ciudad. Contiene el rostro de las personas desaparecidas que se encuentran en calidad de desaparecidas. Vicenta Mart\u00ednez Castro, integrante del Colectivo Solecito, dijo que se necesita celeridad en las investigaciones y tambi\u00e9n solidaridad para encontrar pronto a [&hellip;]<\/p>\n","protected":false},"author":35,"featured_media":87064,"comment_status":"open","ping_status":"open","sticky":false,"template":"","format":"standard","meta":{"_monsterinsights_skip_tracking":false,"_monsterinsights_sitenote_active":false,"_monsterinsights_sitenote_note":"","_monsterinsights_sitenote_category":0,"footnotes":""},"categories":[154],"tags":[8115,21906,18590,950,14339,3328,11821],"class_list":["post-87063","post","type-post","status-publish","format-standard","has-post-thumbnail","hentry","category-veracruz","tag-arbol-del-dolor","tag-celeridad","tag-colocan","tag-desaparecidos","tag-exigir","tag-investigaciones","tag-rostros","wp-image-borders"],"amp_enabled":true,"_links":{"self":[{"href":"https:\/\/nvnoticias.mx\/index.php\/wp-json\/wp\/v2\/posts\/87063","targetHints":{"allow":["GET"]}}],"collection":[{"href":"https:\/\/nvnoticias.mx\/index.php\/wp-json\/wp\/v2\/posts"}],"about":[{"href":"https:\/\/nvnoticias.mx\/index.php\/wp-json\/wp\/v2\/types\/post"}],"author":[{"embeddable":true,"href":"https:\/\/nvnoticias.mx\/index.php\/wp-json\/wp\/v2\/users\/35"}],"replies":[{"embeddable":true,"href":"https:\/\/nvnoticias.mx\/index.php\/wp-json\/wp\/v2\/comments?post=87063"}],"version-history":[{"count":1,"href":"https:\/\/nvnoticias.mx\/index.php\/wp-json\/wp\/v2\/posts\/87063\/revisions"}],"predecessor-version":[{"id":87065,"href":"https:\/\/nvnoticias.mx\/index.php\/wp-json\/wp\/v2\/posts\/87063\/revisions\/87065"}],"wp:featuredmedia":[{"embeddable":true,"href":"https:\/\/nvnoticias.mx\/index.php\/wp-json\/wp\/v2\/media\/87064"}],"wp:attachment":[{"href":"https:\/\/nvnoticias.mx\/index.php\/wp-json\/wp\/v2\/media?parent=87063"}],"wp:term":[{"taxonomy":"category","embeddable":true,"href":"https:\/\/nvnoticias.mx\/index.php\/wp-json\/wp\/v2\/categories?post=87063"},{"taxonomy":"post_tag","embeddable":true,"href":"https:\/\/nvnoticias.mx\/index.php\/wp-json\/wp\/v2\/tags?post=87063"}],"curies":[{"name":"wp","href":"https:\/\/api.w.org\/{rel}","templated":true}]}}