{"id":87055,"date":"2022-12-19T11:09:50","date_gmt":"2022-12-19T17:09:50","guid":{"rendered":"https:\/\/nvnoticias.mx\/?p=87055"},"modified":"2022-12-19T11:09:51","modified_gmt":"2022-12-19T17:09:51","slug":"terquedad-y-sana-de-amlo-contra-el-ine-solo-habla-de-su-miedo-a-perder-anaya","status":"publish","type":"post","link":"https:\/\/nvnoticias.mx\/index.php\/2022\/12\/19\/terquedad-y-sana-de-amlo-contra-el-ine-solo-habla-de-su-miedo-a-perder-anaya\/","title":{"rendered":"Terquedad y sa\u00f1a de AMLO contra el INE solo habla de su miedo a perder: Anaya"},"content":{"rendered":"\n<p>Ricardo Anaya critic\u00f3 el plan B de reforma electoral del presidente Andr\u00e9s Manuel L\u00f3pez Obrador que fue aprobado en el Congreso, ya que su objetivo de cambiar al Instituto Nacional Electoral (INE) solo habla de su miedo a perder el poder.<\/p>\n\n\n\n<p>El panista asegur\u00f3 que van a llevar el asunto hasta la Suprema Corte de Justicia de la Naci\u00f3n (SCJN) porque L\u00f3pez Obrador no va a destruir al INE ni a la democracia en M\u00e9xico.<\/p>\n\n\n\n<blockquote class=\"wp-block-quote is-layout-flow wp-block-quote-is-layout-flow\"><p>\u201cEn el fondo, la terquedad, la sa\u00f1a de L\u00f3pez Obrador contra el INE solo habla de su miedo. Si de veras fueran invencibles, no estar\u00edan entercados en cambiar al \u00e1rbitro. No van a poder destruir al INE y a nuestra democracia. Aunque no les guste, vamos a llevar el asunto hasta la Suprema Corte, quien va a tener la \u00faltima palabra\u201d, consider\u00f3.<\/p><\/blockquote>\n\n\n\n<p>En su video semanal, Anaya agreg\u00f3 que los legisladores de Morena y sus aliados, del Partido Verde Ecologista de M\u00e9xico (PVEM) y Partido del Trabajo (PT) ni siquiera leyeron el llamado plan B de AMLO por lo que lo aprobaron como borregos.https:\/\/smartop.involve.me\/paypal2?embed=1&amp;src=https%3A%2F%2Fwww.forbes.com.mx%2Fterquedad-y-sana-de-amlo-contra-el-ine-solo-habla-de-su-miedo-a-perder-anaya%2F<\/p>\n\n\n\n<blockquote class=\"wp-block-quote is-layout-flow wp-block-quote-is-layout-flow\"><p>\u201cLos diputados aprobaron el plan B de AMLO sin siquiera leerlo. Fue uno de los d\u00edas m\u00e1s tristes del Congreso, porque perdi\u00f3 todo sentido de dignidad y de congruencia. Se portaron, tal cual, como borregos. Ten\u00edamos la esperanza de que en el Senado ser\u00eda distinto. Pero parece que en el M\u00e9xico de hoy la pol\u00edtica oficial es sin\u00f3nimo de irracionalidad, de autoritarismo y del m\u00e1s penoso sometimiento. En el Senado, otra vez, Morena y sus aliados consumaron el atraco\u201d, asegur\u00f3.<\/p><\/blockquote>\n\n\n\n<p>El pol\u00edtico consider\u00f3 que con el plan A, que era una reforma constitucional que no pas\u00f3 porque no le alcanzaron los votos a Morena, L\u00f3pez Obrador quer\u00eda matar al INE pero como fue rechazada, con el plan B buscan mutilar al organismo.<\/p>\n\n\n\n<blockquote class=\"wp-block-quote is-layout-flow wp-block-quote-is-layout-flow\"><p>\u201cSi el plan A, la reforma constitucional, buscaba dejar muerto y enterrado al INE, el plan B que aprobaron busca dejar al INE sin brazos y sin piernas; el plan A era de plano matar al INE. El plan B es dejarlo todo mutilado\u201d, dijo.<\/p><\/blockquote>\n\n\n\n<blockquote class=\"twitter-tweet\"><p lang=\"es\" dir=\"ltr\">El \u201cplan A\u201d de L\u00f3pez Obrador era matar al INE. El \u201cplan B\u201d es dejarlo mutilado. La Suprema Corte tendr\u00e1 la \u00faltima palabra. <br><br>La obsesi\u00f3n de AMLO contra el INE es del mismo tama\u00f1o que su miedo de perder. \u00a1No pasar\u00e1n! <a href=\"https:\/\/t.co\/PcCFONn6zH\">pic.twitter.com\/PcCFONn6zH<\/a><\/p>&mdash; RicardoAnayaC (@RicardoAnayaC) <a href=\"https:\/\/twitter.com\/RicardoAnayaC\/status\/1604823874046001152?ref_src=twsrc%5Etfw\">December 19, 2022<\/a><\/blockquote> <script async src=\"https:\/\/platform.twitter.com\/widgets.js\" charset=\"utf-8\"><\/script>\n\n\n\n<p>Fuente: <a href=\"https:\/\/www.forbes.com.mx\/terquedad-y-sana-de-amlo-contra-el-ine-solo-habla-de-su-miedo-a-perder-anaya\/\" data-type=\"URL\" data-id=\"https:\/\/www.forbes.com.mx\/terquedad-y-sana-de-amlo-contra-el-ine-solo-habla-de-su-miedo-a-perder-anaya\/\">Forbes<\/a><\/p>\n","protected":false},"excerpt":{"rendered":"<p>Ricardo Anaya critic\u00f3 el plan B de reforma electoral del presidente Andr\u00e9s Manuel L\u00f3pez Obrador que fue aprobado en el Congreso, ya que su objetivo de cambiar al Instituto Nacional Electoral (INE) solo habla de su miedo a perder el poder. El panista asegur\u00f3 que van a llevar el asunto hasta la Suprema Corte de [&hellip;]<\/p>\n","protected":false},"author":35,"featured_media":20035,"comment_status":"open","ping_status":"open","sticky":false,"template":"","format":"standard","meta":{"_monsterinsights_skip_tracking":false,"_monsterinsights_sitenote_active":false,"_monsterinsights_sitenote_note":"","_monsterinsights_sitenote_category":0,"footnotes":""},"categories":[158],"tags":[443,509,21900,21899],"class_list":["post-87055","post","type-post","status-publish","format-standard","has-post-thumbnail","hentry","category-politica","tag-ine","tag-ricardo-anaya","tag-sana","tag-terquedad","wp-image-borders"],"amp_enabled":true,"_links":{"self":[{"href":"https:\/\/nvnoticias.mx\/index.php\/wp-json\/wp\/v2\/posts\/87055","targetHints":{"allow":["GET"]}}],"collection":[{"href":"https:\/\/nvnoticias.mx\/index.php\/wp-json\/wp\/v2\/posts"}],"about":[{"href":"https:\/\/nvnoticias.mx\/index.php\/wp-json\/wp\/v2\/types\/post"}],"author":[{"embeddable":true,"href":"https:\/\/nvnoticias.mx\/index.php\/wp-json\/wp\/v2\/users\/35"}],"replies":[{"embeddable":true,"href":"https:\/\/nvnoticias.mx\/index.php\/wp-json\/wp\/v2\/comments?post=87055"}],"version-history":[{"count":1,"href":"https:\/\/nvnoticias.mx\/index.php\/wp-json\/wp\/v2\/posts\/87055\/revisions"}],"predecessor-version":[{"id":87056,"href":"https:\/\/nvnoticias.mx\/index.php\/wp-json\/wp\/v2\/posts\/87055\/revisions\/87056"}],"wp:featuredmedia":[{"embeddable":true,"href":"https:\/\/nvnoticias.mx\/index.php\/wp-json\/wp\/v2\/media\/20035"}],"wp:attachment":[{"href":"https:\/\/nvnoticias.mx\/index.php\/wp-json\/wp\/v2\/media?parent=87055"}],"wp:term":[{"taxonomy":"category","embeddable":true,"href":"https:\/\/nvnoticias.mx\/index.php\/wp-json\/wp\/v2\/categories?post=87055"},{"taxonomy":"post_tag","embeddable":true,"href":"https:\/\/nvnoticias.mx\/index.php\/wp-json\/wp\/v2\/tags?post=87055"}],"curies":[{"name":"wp","href":"https:\/\/api.w.org\/{rel}","templated":true}]}}