{"id":8695,"date":"2021-03-23T16:01:58","date_gmt":"2021-03-23T22:01:58","guid":{"rendered":"https:\/\/nvnoticias.mx\/?p=8695"},"modified":"2021-03-23T18:08:30","modified_gmt":"2021-03-24T00:08:30","slug":"agrupaciones-civiles-se-ampararan-contra-delito-ultrajes-a-la-autoridad","status":"publish","type":"post","link":"https:\/\/nvnoticias.mx\/index.php\/2021\/03\/23\/agrupaciones-civiles-se-ampararan-contra-delito-ultrajes-a-la-autoridad\/","title":{"rendered":"Agrupaciones civiles se amparar\u00e1n contra el delito de ultrajes a la autoridad"},"content":{"rendered":"\n<p><strong>Jes\u00fas Utrilla \/ NV Noticias<\/strong><\/p>\n\n\n\n<p>Veracruz.- Agrupaciones civiles se unir\u00e1n para interponer amparos contra la reforma al C\u00f3digo Penal de Veracruz, que incluye el delito de ultrajes a la autoridad.<\/p>\n\n\n\n<p>Oliver Olmos Cabrera, integrante del Movimiento Civil Independiente, se\u00f1al\u00f3 que los legisladores buscan coartar la libre manifestaci\u00f3n, ante la cercan\u00eda del proceso electoral.<\/p>\n\n\n\n<blockquote class=\"wp-block-quote is-layout-flow wp-block-quote-is-layout-flow\"><p>\u201cEstamos en contra de la judicializaci\u00f3n de la protesta social, que es lo que quisieron hacer al decretar una ley mordaza y llevar como delito grave el de ultrajes a la autoridad, cuando quien comete los ultrajes al ciudadano es la propia autoridad\u201d.<\/p><\/blockquote>\n\n\n\n<p>Acus\u00f3 que las reformas dejan al ciudadano en estado de indefensi\u00f3n y vulnerabilidad ante abusos de autoridad.<\/p>\n\n\n\n<p>Por ello diversas organizaciones interpondr\u00e1n recursos en contra de las adecuaciones.<\/p>\n\n\n\n<blockquote class=\"wp-block-quote is-layout-flow wp-block-quote-is-layout-flow\"><p>\u201cCualquier autoridad de seguridad p\u00fablica, de tr\u00e1nsito, de vialidad coartar\u00e1n la acci\u00f3n de protesta y nada m\u00e1s por mirarlos o comentarles alguna inconformidad ellos podr\u00e1n denunciarnos y llevarnos a prisi\u00f3n preventiva desde 1 hasta 5 o 15 a\u00f1os como lo marca el nuevo decreto del C\u00f3digo Penal que acaban de modificar en el Estado de Veracruz\u201d.<\/p><\/blockquote>\n\n\n\n<p>Insisti\u00f3 en que la ley vulnera los derechos humanos, la libre manifestaci\u00f3n, la libertad de expresi\u00f3n y otros derechos.<\/p>\n\n\n\n<p>Manifest\u00f3 el rechazo a las modificaciones pues buscan sembrar miedo entre l\u00edderes sociales y manifestantes para que no realicen pronunciamientos.<\/p>\n\n\n\n<p>Agreg\u00f3 que la redacci\u00f3n es gen\u00e9rica y da lugar a ambig\u00fcedades.<\/p>\n\n\n\n<p>Confi\u00f3 en que los legisladores entren en raz\u00f3n y corrijan.<\/p>\n","protected":false},"excerpt":{"rendered":"<p>Jes\u00fas Utrilla \/ NV Noticias Veracruz.- Agrupaciones civiles se unir\u00e1n para interponer amparos contra la reforma al C\u00f3digo Penal de Veracruz, que incluye el delito de ultrajes a la autoridad. Oliver Olmos Cabrera, integrante del Movimiento Civil Independiente, se\u00f1al\u00f3 que los legisladores buscan coartar la libre manifestaci\u00f3n, ante la cercan\u00eda del proceso electoral. \u201cEstamos en [&hellip;]<\/p>\n","protected":false},"author":6,"featured_media":8697,"comment_status":"open","ping_status":"open","sticky":false,"template":"","format":"standard","meta":{"_monsterinsights_skip_tracking":false,"_monsterinsights_sitenote_active":false,"_monsterinsights_sitenote_note":"","_monsterinsights_sitenote_category":0,"footnotes":""},"categories":[154],"tags":[2489,1547],"class_list":["post-8695","post","type-post","status-publish","format-standard","has-post-thumbnail","hentry","category-veracruz","tag-agrupaciones-civiles","tag-amparo","wp-image-borders"],"amp_enabled":true,"_links":{"self":[{"href":"https:\/\/nvnoticias.mx\/index.php\/wp-json\/wp\/v2\/posts\/8695","targetHints":{"allow":["GET"]}}],"collection":[{"href":"https:\/\/nvnoticias.mx\/index.php\/wp-json\/wp\/v2\/posts"}],"about":[{"href":"https:\/\/nvnoticias.mx\/index.php\/wp-json\/wp\/v2\/types\/post"}],"author":[{"embeddable":true,"href":"https:\/\/nvnoticias.mx\/index.php\/wp-json\/wp\/v2\/users\/6"}],"replies":[{"embeddable":true,"href":"https:\/\/nvnoticias.mx\/index.php\/wp-json\/wp\/v2\/comments?post=8695"}],"version-history":[{"count":1,"href":"https:\/\/nvnoticias.mx\/index.php\/wp-json\/wp\/v2\/posts\/8695\/revisions"}],"predecessor-version":[{"id":8698,"href":"https:\/\/nvnoticias.mx\/index.php\/wp-json\/wp\/v2\/posts\/8695\/revisions\/8698"}],"wp:featuredmedia":[{"embeddable":true,"href":"https:\/\/nvnoticias.mx\/index.php\/wp-json\/wp\/v2\/media\/8697"}],"wp:attachment":[{"href":"https:\/\/nvnoticias.mx\/index.php\/wp-json\/wp\/v2\/media?parent=8695"}],"wp:term":[{"taxonomy":"category","embeddable":true,"href":"https:\/\/nvnoticias.mx\/index.php\/wp-json\/wp\/v2\/categories?post=8695"},{"taxonomy":"post_tag","embeddable":true,"href":"https:\/\/nvnoticias.mx\/index.php\/wp-json\/wp\/v2\/tags?post=8695"}],"curies":[{"name":"wp","href":"https:\/\/api.w.org\/{rel}","templated":true}]}}