{"id":86904,"date":"2022-12-17T12:55:04","date_gmt":"2022-12-17T18:55:04","guid":{"rendered":"https:\/\/nvnoticias.mx\/?p=86904"},"modified":"2022-12-17T12:55:05","modified_gmt":"2022-12-17T18:55:05","slug":"la-marina-puso-en-marcha-la-operacion-salvavidas-invierno-2022-para-cuidar-las-playas","status":"publish","type":"post","link":"https:\/\/nvnoticias.mx\/index.php\/2022\/12\/17\/la-marina-puso-en-marcha-la-operacion-salvavidas-invierno-2022-para-cuidar-las-playas\/","title":{"rendered":"La Marina puso en marcha la Operaci\u00f3n Salvavidas Invierno 2022 para cuidar las playas"},"content":{"rendered":"\n<p><strong>Jes\u00fas Utrilla \/ NV Noticias<\/strong><\/p>\n\n\n\n<p>La Secretar\u00eda de Marina dio el banderazo de inicio a la Operaci\u00f3n Salvavidas Invierno 2022 para cuidar las playas en esta \u00e9poca decembrina.<\/p>\n\n\n\n<p>Ra\u00fal P\u00e9rez V\u00e1zquez, comandante de la Tercera Regi\u00f3n Naval, se\u00f1al\u00f3 que vigilar\u00e1n los puntos de mayor afluencia de visitantes para atender oportunamente cualquier eventualidad que se llegue a suscitar.<\/p>\n\n\n\n<p>La marina en estos d\u00edas efectuar\u00e1 funciones de guardia costera para cuidar la seguridad de los turistas nacionales y extranjeros que visiten las playas y centros tur\u00edsticos.<\/p>\n\n\n\n<blockquote class=\"wp-block-quote is-layout-flow wp-block-quote-is-layout-flow\"><p>\u201c<em>Son todas las playas, en los municipios de Alvarado, Boca del R\u00edo, \u00darsulo Galv\u00e1n, Vega de la Torre, Nautla, Veracruz y La Antigua. Invitamos a la poblaci\u00f3n a acudir de manera responsable y segura a las playas veracruzanas<\/em>\u201d.<\/p><\/blockquote>\n\n\n\n<p>El banderazo de inicio se llev\u00f3 a cabo en el malec\u00f3n de Veracruz y se inform\u00f3 que la Marina instalar\u00e1 puestos de socorro y rescate donde elementos de sanidad naval y salvavidas brindar\u00e1n los primeros auxilios.<\/p>\n\n\n\n<blockquote class=\"wp-block-quote is-layout-flow wp-block-quote-is-layout-flow\"><p>\u201c<em>Cada a\u00f1o la Secretar\u00eda de Marina Armada de M\u00e9xico realiza la Operaci\u00f3n Salvavidas para apoyar a todas y todos los visitantes para brindarles seguridad, apoyo m\u00e9dico, b\u00fasqueda y rescate mar\u00edtimo y labores de salvamento<\/em>\u201d.<\/p><\/blockquote>\n\n\n\n<p>Adem\u00e1s trabajar\u00e1n con embarcaciones r\u00e1pidas y personal capacitado para desarrollar actividades de rescate de personas en peligro de ahogamiento.<\/p>\n","protected":false},"excerpt":{"rendered":"<p>Jes\u00fas Utrilla \/ NV Noticias La Secretar\u00eda de Marina dio el banderazo de inicio a la Operaci\u00f3n Salvavidas Invierno 2022 para cuidar las playas en esta \u00e9poca decembrina. Ra\u00fal P\u00e9rez V\u00e1zquez, comandante de la Tercera Regi\u00f3n Naval, se\u00f1al\u00f3 que vigilar\u00e1n los puntos de mayor afluencia de visitantes para atender oportunamente cualquier eventualidad que se llegue [&hellip;]<\/p>\n","protected":false},"author":8,"featured_media":86905,"comment_status":"open","ping_status":"open","sticky":false,"template":"","format":"standard","meta":{"_monsterinsights_skip_tracking":false,"_monsterinsights_sitenote_active":false,"_monsterinsights_sitenote_note":"","_monsterinsights_sitenote_category":0,"footnotes":""},"categories":[154],"tags":[5605,13677,180],"class_list":["post-86904","post","type-post","status-publish","format-standard","has-post-thumbnail","hentry","category-veracruz","tag-marina","tag-operacion","tag-veracruz","wp-image-borders"],"amp_enabled":true,"_links":{"self":[{"href":"https:\/\/nvnoticias.mx\/index.php\/wp-json\/wp\/v2\/posts\/86904","targetHints":{"allow":["GET"]}}],"collection":[{"href":"https:\/\/nvnoticias.mx\/index.php\/wp-json\/wp\/v2\/posts"}],"about":[{"href":"https:\/\/nvnoticias.mx\/index.php\/wp-json\/wp\/v2\/types\/post"}],"author":[{"embeddable":true,"href":"https:\/\/nvnoticias.mx\/index.php\/wp-json\/wp\/v2\/users\/8"}],"replies":[{"embeddable":true,"href":"https:\/\/nvnoticias.mx\/index.php\/wp-json\/wp\/v2\/comments?post=86904"}],"version-history":[{"count":1,"href":"https:\/\/nvnoticias.mx\/index.php\/wp-json\/wp\/v2\/posts\/86904\/revisions"}],"predecessor-version":[{"id":86906,"href":"https:\/\/nvnoticias.mx\/index.php\/wp-json\/wp\/v2\/posts\/86904\/revisions\/86906"}],"wp:featuredmedia":[{"embeddable":true,"href":"https:\/\/nvnoticias.mx\/index.php\/wp-json\/wp\/v2\/media\/86905"}],"wp:attachment":[{"href":"https:\/\/nvnoticias.mx\/index.php\/wp-json\/wp\/v2\/media?parent=86904"}],"wp:term":[{"taxonomy":"category","embeddable":true,"href":"https:\/\/nvnoticias.mx\/index.php\/wp-json\/wp\/v2\/categories?post=86904"},{"taxonomy":"post_tag","embeddable":true,"href":"https:\/\/nvnoticias.mx\/index.php\/wp-json\/wp\/v2\/tags?post=86904"}],"curies":[{"name":"wp","href":"https:\/\/api.w.org\/{rel}","templated":true}]}}